{"id":10915,"date":"2026-04-28T07:00:46","date_gmt":"2026-04-28T07:00:46","guid":{"rendered":"https:\/\/www.soltel.es\/?p=10915"},"modified":"2026-04-28T13:07:20","modified_gmt":"2026-04-28T13:07:20","slug":"consejero-industria-energia-minas-visita-soltel","status":"publish","type":"post","link":"https:\/\/www.soltel.es\/en\/consejero-industria-energia-minas-visita-soltel\/","title":{"rendered":"Visit of the Minister of Industry, Energy and Mines of the Regional Government of Andalusia"},"content":{"rendered":"<section class=\"l-section wpb_row height_auto\"><div class=\"l-section-h i-cf\"><div class=\"g-cols vc_row via_grid cols_1 laptops-cols_inherit tablets-cols_inherit mobiles-cols_1 valign_top type_default stacking_default\"><div class=\"wpb_column vc_column_container\"><div class=\"vc_column-inner\"><div class=\"wpb_text_column\"><div class=\"wpb_wrapper\"><p>Yesterday we had the pleasure of welcoming to Soltel the <strong>Jorge Paradela, Minister of Industry, Energy and Mines of the Regional Government of Andalusia and President of the Digital Agency of Andalusia<\/strong>, whom we sincerely thank for their visit to our offices.<\/p>\n<p>During the meeting, he was able to learn firsthand about some of our <strong>projects,<\/strong> as well as the <strong>Soltel's history as an Andalusian company<\/strong>, committed from its origins to innovation, digitalization and value creation in our territory.<\/p>\n<p>At Soltel we reaffirm our <strong>commitment to boosting the Andalusian technological and industrial sector<\/strong>convinced that public-private collaboration is key to facing the challenges of the present and building a more competitive, sustainable and knowledge-based economy.<\/p>\n<p>Thank you for your interest, dialogue, and support. We continue working towards a more digital and forward-thinking Andalusia.<\/p>\n<\/div><\/div><div class=\"w-separator size_medium\"><\/div><div class=\"w-hwrapper valign_top align_center\"><div class=\"w-html us_custom_eb849559\"><blockquote\n  class=\"instagram-media\"\n  data-instgrm-permalink=\"https:\/\/www.instagram.com\/p\/DXpFE3lgplk\/?utm_source=ig_embed&amp;utm_campaign=loading\"\n  data-instgrm-version=\"14\"\n  data-instgrm-captioned>\n<\/blockquote>\n\n<script async src=\"https:\/\/www.instagram.com\/embed.js\"><\/script><\/div><div class=\"w-separator size_medium\"><\/div><\/div><\/div><\/div><\/div><\/div><\/section>","protected":false},"excerpt":{"rendered":"<p>Soltel welcomes Councilor Jorge Paradela to share projects and promote public-private collaboration in Andalusian technological development.<\/p>","protected":false},"author":6,"featured_media":10920,"comment_status":"closed","ping_status":"closed","sticky":false,"template":"","format":"standard","meta":{"_acf_changed":false,"footnotes":""},"categories":[132,147],"tags":[632,688,327,323,298],"class_list":["post-10915","post","type-post","status-publish","format-standard","has-post-thumbnail","hentry","category-noticia","category-transformacion-digital","tag-colaboracion-institucional","tag-industria","tag-innovacion-tecnologica","tag-soltel","tag-transformacion-digital"],"acf":[],"yoast_head":"<!-- This site is optimized with the Yoast SEO plugin v27.5 - https:\/\/yoast.com\/product\/yoast-seo-wordpress\/ -->\n<title>Soltel recibe a Jorge Paradela en sus oficinas - Soltel Group<\/title>\n<meta name=\"description\" content=\"Soltel recibe al consejero Jorge Paradela para compartir proyectos e impulsar la colaboraci\u00f3n p\u00fablico-privada en el desarrollo tecnol\u00f3gico andaluz.\" \/>\n<meta name=\"robots\" content=\"index, follow, max-snippet:-1, max-image-preview:large, max-video-preview:-1\" \/>\n<link rel=\"canonical\" href=\"https:\/\/www.soltel.es\/en\/consejero-industria-energia-minas-visita-soltel\/\" \/>\n<meta property=\"og:locale\" content=\"en_GB\" \/>\n<meta property=\"og:type\" content=\"article\" \/>\n<meta property=\"og:title\" content=\"Soltel recibe a Jorge Paradela en sus oficinas - Soltel Group\" \/>\n<meta property=\"og:description\" content=\"Soltel recibe al consejero Jorge Paradela para compartir proyectos e impulsar la colaboraci\u00f3n p\u00fablico-privada en el desarrollo tecnol\u00f3gico andaluz.\" \/>\n<meta property=\"og:url\" content=\"https:\/\/www.soltel.es\/en\/consejero-industria-energia-minas-visita-soltel\/\" \/>\n<meta property=\"og:site_name\" content=\"Soltel Group\" \/>\n<meta property=\"article:publisher\" content=\"https:\/\/www.facebook.com\/pages\/Soltel-IT-Solutions\/158795267511286\" \/>\n<meta property=\"article:published_time\" content=\"2026-04-28T07:00:46+00:00\" \/>\n<meta property=\"article:modified_time\" content=\"2026-04-28T13:07:20+00:00\" \/>\n<meta property=\"og:image\" content=\"https:\/\/www.soltel.es\/wp-content\/uploads\/2026\/02\/visita-consejero.png\" \/>\n\t<meta property=\"og:image:width\" content=\"1351\" \/>\n\t<meta property=\"og:image:height\" content=\"900\" \/>\n\t<meta property=\"og:image:type\" content=\"image\/png\" \/>\n<meta name=\"author\" content=\"Comunicaci\u00f3n\" \/>\n<meta name=\"twitter:card\" content=\"summary_large_image\" \/>\n<meta name=\"twitter:creator\" content=\"@soltel_it\" \/>\n<meta name=\"twitter:site\" content=\"@soltel_it\" \/>\n<meta name=\"twitter:label1\" content=\"Written by\" \/>\n\t<meta name=\"twitter:data1\" content=\"Comunicaci\u00f3n\" \/>\n\t<meta name=\"twitter:label2\" content=\"Estimated reading time\" \/>\n\t<meta name=\"twitter:data2\" content=\"1 minute\" \/>\n<script type=\"application\/ld+json\" class=\"yoast-schema-graph\">{\"@context\":\"https:\\\/\\\/schema.org\",\"@graph\":[{\"@type\":\"Article\",\"@id\":\"https:\\\/\\\/www.soltel.es\\\/consejero-industria-energia-minas-visita-soltel\\\/#article\",\"isPartOf\":{\"@id\":\"https:\\\/\\\/www.soltel.es\\\/consejero-industria-energia-minas-visita-soltel\\\/\"},\"author\":{\"name\":\"Comunicaci\u00f3n\",\"@id\":\"https:\\\/\\\/www.soltel.es\\\/#\\\/schema\\\/person\\\/a6df11d747a5dce2038b30c009842d0e\"},\"headline\":\"Visita del Consejero de Industria, Energ\u00eda y Minas de la Junta de Andaluc\u00eda\",\"datePublished\":\"2026-04-28T07:00:46+00:00\",\"dateModified\":\"2026-04-28T13:07:20+00:00\",\"mainEntityOfPage\":{\"@id\":\"https:\\\/\\\/www.soltel.es\\\/consejero-industria-energia-minas-visita-soltel\\\/\"},\"wordCount\":271,\"publisher\":{\"@id\":\"https:\\\/\\\/www.soltel.es\\\/#organization\"},\"image\":{\"@id\":\"https:\\\/\\\/www.soltel.es\\\/consejero-industria-energia-minas-visita-soltel\\\/#primaryimage\"},\"thumbnailUrl\":\"https:\\\/\\\/www.soltel.es\\\/wp-content\\\/uploads\\\/2026\\\/02\\\/visita-consejero.png\",\"keywords\":[\"colaboraci\u00f3n institucional\",\"Industria\",\"Innovaci\u00f3n tecnol\u00f3gica\",\"Soltel\",\"Transformaci\u00f3n Digital\"],\"articleSection\":[\"Noticia\",\"Transformaci\u00f3n digital\"],\"inLanguage\":\"en-GB\"},{\"@type\":\"WebPage\",\"@id\":\"https:\\\/\\\/www.soltel.es\\\/consejero-industria-energia-minas-visita-soltel\\\/\",\"url\":\"https:\\\/\\\/www.soltel.es\\\/consejero-industria-energia-minas-visita-soltel\\\/\",\"name\":\"Soltel recibe a Jorge Paradela en sus oficinas - Soltel Group\",\"isPartOf\":{\"@id\":\"https:\\\/\\\/www.soltel.es\\\/#website\"},\"primaryImageOfPage\":{\"@id\":\"https:\\\/\\\/www.soltel.es\\\/consejero-industria-energia-minas-visita-soltel\\\/#primaryimage\"},\"image\":{\"@id\":\"https:\\\/\\\/www.soltel.es\\\/consejero-industria-energia-minas-visita-soltel\\\/#primaryimage\"},\"thumbnailUrl\":\"https:\\\/\\\/www.soltel.es\\\/wp-content\\\/uploads\\\/2026\\\/02\\\/visita-consejero.png\",\"datePublished\":\"2026-04-28T07:00:46+00:00\",\"dateModified\":\"2026-04-28T13:07:20+00:00\",\"description\":\"Soltel recibe al consejero Jorge Paradela para compartir proyectos e impulsar la colaboraci\u00f3n p\u00fablico-privada en el desarrollo tecnol\u00f3gico andaluz.\",\"breadcrumb\":{\"@id\":\"https:\\\/\\\/www.soltel.es\\\/consejero-industria-energia-minas-visita-soltel\\\/#breadcrumb\"},\"inLanguage\":\"en-GB\",\"potentialAction\":[{\"@type\":\"ReadAction\",\"target\":[\"https:\\\/\\\/www.soltel.es\\\/consejero-industria-energia-minas-visita-soltel\\\/\"]}]},{\"@type\":\"ImageObject\",\"inLanguage\":\"en-GB\",\"@id\":\"https:\\\/\\\/www.soltel.es\\\/consejero-industria-energia-minas-visita-soltel\\\/#primaryimage\",\"url\":\"https:\\\/\\\/www.soltel.es\\\/wp-content\\\/uploads\\\/2026\\\/02\\\/visita-consejero.png\",\"contentUrl\":\"https:\\\/\\\/www.soltel.es\\\/wp-content\\\/uploads\\\/2026\\\/02\\\/visita-consejero.png\",\"width\":1351,\"height\":900},{\"@type\":\"BreadcrumbList\",\"@id\":\"https:\\\/\\\/www.soltel.es\\\/consejero-industria-energia-minas-visita-soltel\\\/#breadcrumb\",\"itemListElement\":[{\"@type\":\"ListItem\",\"position\":1,\"name\":\"Portada\",\"item\":\"https:\\\/\\\/www.soltel.es\\\/\"},{\"@type\":\"ListItem\",\"position\":2,\"name\":\"Visita del Consejero de Industria, Energ\u00eda y Minas de la Junta de Andaluc\u00eda\"}]},{\"@type\":\"WebSite\",\"@id\":\"https:\\\/\\\/www.soltel.es\\\/#website\",\"url\":\"https:\\\/\\\/www.soltel.es\\\/\",\"name\":\"Soltel Group\",\"description\":\"Soltel IT Solutions, empresa especializada en servicios IT\",\"publisher\":{\"@id\":\"https:\\\/\\\/www.soltel.es\\\/#organization\"},\"potentialAction\":[{\"@type\":\"SearchAction\",\"target\":{\"@type\":\"EntryPoint\",\"urlTemplate\":\"https:\\\/\\\/www.soltel.es\\\/?s={search_term_string}\"},\"query-input\":{\"@type\":\"PropertyValueSpecification\",\"valueRequired\":true,\"valueName\":\"search_term_string\"}}],\"inLanguage\":\"en-GB\"},{\"@type\":\"Organization\",\"@id\":\"https:\\\/\\\/www.soltel.es\\\/#organization\",\"name\":\"Soltel Group\",\"url\":\"https:\\\/\\\/www.soltel.es\\\/\",\"logo\":{\"@type\":\"ImageObject\",\"inLanguage\":\"en-GB\",\"@id\":\"https:\\\/\\\/www.soltel.es\\\/#\\\/schema\\\/logo\\\/image\\\/\",\"url\":\"https:\\\/\\\/www.soltel.es\\\/wp-content\\\/uploads\\\/2023\\\/03\\\/logotipo-soltel.png\",\"contentUrl\":\"https:\\\/\\\/www.soltel.es\\\/wp-content\\\/uploads\\\/2023\\\/03\\\/logotipo-soltel.png\",\"width\":276,\"height\":212,\"caption\":\"Soltel Group\"},\"image\":{\"@id\":\"https:\\\/\\\/www.soltel.es\\\/#\\\/schema\\\/logo\\\/image\\\/\"},\"sameAs\":[\"https:\\\/\\\/www.facebook.com\\\/pages\\\/Soltel-IT-Solutions\\\/158795267511286\",\"https:\\\/\\\/x.com\\\/soltel_it\",\"https:\\\/\\\/www.youtube.com\\\/@soltel\",\"https:\\\/\\\/www.linkedin.com\\\/company\\\/soltel\",\"https:\\\/\\\/www.instagram.com\\\/soltelgroup\\\/\"]},{\"@type\":\"Person\",\"@id\":\"https:\\\/\\\/www.soltel.es\\\/#\\\/schema\\\/person\\\/a6df11d747a5dce2038b30c009842d0e\",\"name\":\"Comunicaci\u00f3n\",\"image\":{\"@type\":\"ImageObject\",\"inLanguage\":\"en-GB\",\"@id\":\"https:\\\/\\\/www.soltel.es\\\/wp-content\\\/litespeed\\\/avatar\\\/4029b201ab01022c2dc3fd1cbffb41b9.jpg?ver=1777381035\",\"url\":\"https:\\\/\\\/www.soltel.es\\\/wp-content\\\/litespeed\\\/avatar\\\/4029b201ab01022c2dc3fd1cbffb41b9.jpg?ver=1777381035\",\"contentUrl\":\"https:\\\/\\\/www.soltel.es\\\/wp-content\\\/litespeed\\\/avatar\\\/4029b201ab01022c2dc3fd1cbffb41b9.jpg?ver=1777381035\",\"caption\":\"Comunicaci\u00f3n\"},\"url\":\"https:\\\/\\\/www.soltel.es\\\/en\\\/author\\\/comunicacion\\\/\"}]}<\/script>\n<!-- \/ Yoast SEO plugin. -->","yoast_head_json":{"title":"Soltel recibe a Jorge Paradela en sus oficinas - Soltel Group","description":"Soltel welcomes Councilor Jorge Paradela to share projects and promote public-private collaboration in Andalusian technological development.","robots":{"index":"index","follow":"follow","max-snippet":"max-snippet:-1","max-image-preview":"max-image-preview:large","max-video-preview":"max-video-preview:-1"},"canonical":"https:\/\/www.soltel.es\/en\/consejero-industria-energia-minas-visita-soltel\/","og_locale":"en_GB","og_type":"article","og_title":"Soltel recibe a Jorge Paradela en sus oficinas - Soltel Group","og_description":"Soltel recibe al consejero Jorge Paradela para compartir proyectos e impulsar la colaboraci\u00f3n p\u00fablico-privada en el desarrollo tecnol\u00f3gico andaluz.","og_url":"https:\/\/www.soltel.es\/en\/consejero-industria-energia-minas-visita-soltel\/","og_site_name":"Soltel Group","article_publisher":"https:\/\/www.facebook.com\/pages\/Soltel-IT-Solutions\/158795267511286","article_published_time":"2026-04-28T07:00:46+00:00","article_modified_time":"2026-04-28T13:07:20+00:00","og_image":[{"width":1351,"height":900,"url":"https:\/\/www.soltel.es\/wp-content\/uploads\/2026\/02\/visita-consejero.png","type":"image\/png"}],"author":"Comunicaci\u00f3n","twitter_card":"summary_large_image","twitter_creator":"@soltel_it","twitter_site":"@soltel_it","twitter_misc":{"Written by":"Comunicaci\u00f3n","Estimated reading time":"1 minute"},"schema":{"@context":"https:\/\/schema.org","@graph":[{"@type":"Article","@id":"https:\/\/www.soltel.es\/consejero-industria-energia-minas-visita-soltel\/#article","isPartOf":{"@id":"https:\/\/www.soltel.es\/consejero-industria-energia-minas-visita-soltel\/"},"author":{"name":"Comunicaci\u00f3n","@id":"https:\/\/www.soltel.es\/#\/schema\/person\/a6df11d747a5dce2038b30c009842d0e"},"headline":"Visita del Consejero de Industria, Energ\u00eda y Minas de la Junta de Andaluc\u00eda","datePublished":"2026-04-28T07:00:46+00:00","dateModified":"2026-04-28T13:07:20+00:00","mainEntityOfPage":{"@id":"https:\/\/www.soltel.es\/consejero-industria-energia-minas-visita-soltel\/"},"wordCount":271,"publisher":{"@id":"https:\/\/www.soltel.es\/#organization"},"image":{"@id":"https:\/\/www.soltel.es\/consejero-industria-energia-minas-visita-soltel\/#primaryimage"},"thumbnailUrl":"https:\/\/www.soltel.es\/wp-content\/uploads\/2026\/02\/visita-consejero.png","keywords":["colaboraci\u00f3n institucional","Industria","Innovaci\u00f3n tecnol\u00f3gica","Soltel","Transformaci\u00f3n Digital"],"articleSection":["Noticia","Transformaci\u00f3n digital"],"inLanguage":"en-GB"},{"@type":"WebPage","@id":"https:\/\/www.soltel.es\/consejero-industria-energia-minas-visita-soltel\/","url":"https:\/\/www.soltel.es\/consejero-industria-energia-minas-visita-soltel\/","name":"Soltel recibe a Jorge Paradela en sus oficinas - Soltel Group","isPartOf":{"@id":"https:\/\/www.soltel.es\/#website"},"primaryImageOfPage":{"@id":"https:\/\/www.soltel.es\/consejero-industria-energia-minas-visita-soltel\/#primaryimage"},"image":{"@id":"https:\/\/www.soltel.es\/consejero-industria-energia-minas-visita-soltel\/#primaryimage"},"thumbnailUrl":"https:\/\/www.soltel.es\/wp-content\/uploads\/2026\/02\/visita-consejero.png","datePublished":"2026-04-28T07:00:46+00:00","dateModified":"2026-04-28T13:07:20+00:00","description":"Soltel welcomes Councilor Jorge Paradela to share projects and promote public-private collaboration in Andalusian technological development.","breadcrumb":{"@id":"https:\/\/www.soltel.es\/consejero-industria-energia-minas-visita-soltel\/#breadcrumb"},"inLanguage":"en-GB","potentialAction":[{"@type":"ReadAction","target":["https:\/\/www.soltel.es\/consejero-industria-energia-minas-visita-soltel\/"]}]},{"@type":"ImageObject","inLanguage":"en-GB","@id":"https:\/\/www.soltel.es\/consejero-industria-energia-minas-visita-soltel\/#primaryimage","url":"https:\/\/www.soltel.es\/wp-content\/uploads\/2026\/02\/visita-consejero.png","contentUrl":"https:\/\/www.soltel.es\/wp-content\/uploads\/2026\/02\/visita-consejero.png","width":1351,"height":900},{"@type":"BreadcrumbList","@id":"https:\/\/www.soltel.es\/consejero-industria-energia-minas-visita-soltel\/#breadcrumb","itemListElement":[{"@type":"ListItem","position":1,"name":"Portada","item":"https:\/\/www.soltel.es\/"},{"@type":"ListItem","position":2,"name":"Visita del Consejero de Industria, Energ\u00eda y Minas de la Junta de Andaluc\u00eda"}]},{"@type":"WebSite","@id":"https:\/\/www.soltel.es\/#website","url":"https:\/\/www.soltel.es\/","name":"Soltel Group","description":"Soltel IT Solutions, a company specializing in IT services","publisher":{"@id":"https:\/\/www.soltel.es\/#organization"},"potentialAction":[{"@type":"SearchAction","target":{"@type":"EntryPoint","urlTemplate":"https:\/\/www.soltel.es\/?s={search_term_string}"},"query-input":{"@type":"PropertyValueSpecification","valueRequired":true,"valueName":"search_term_string"}}],"inLanguage":"en-GB"},{"@type":"Organization","@id":"https:\/\/www.soltel.es\/#organization","name":"Soltel Group","url":"https:\/\/www.soltel.es\/","logo":{"@type":"ImageObject","inLanguage":"en-GB","@id":"https:\/\/www.soltel.es\/#\/schema\/logo\/image\/","url":"https:\/\/www.soltel.es\/wp-content\/uploads\/2023\/03\/logotipo-soltel.png","contentUrl":"https:\/\/www.soltel.es\/wp-content\/uploads\/2023\/03\/logotipo-soltel.png","width":276,"height":212,"caption":"Soltel Group"},"image":{"@id":"https:\/\/www.soltel.es\/#\/schema\/logo\/image\/"},"sameAs":["https:\/\/www.facebook.com\/pages\/Soltel-IT-Solutions\/158795267511286","https:\/\/x.com\/soltel_it","https:\/\/www.youtube.com\/@soltel","https:\/\/www.linkedin.com\/company\/soltel","https:\/\/www.instagram.com\/soltelgroup\/"]},{"@type":"Person","@id":"https:\/\/www.soltel.es\/#\/schema\/person\/a6df11d747a5dce2038b30c009842d0e","name":"Communication","image":{"@type":"ImageObject","inLanguage":"en-GB","@id":"https:\/\/www.soltel.es\/wp-content\/litespeed\/avatar\/4029b201ab01022c2dc3fd1cbffb41b9.jpg?ver=1777381035","url":"https:\/\/www.soltel.es\/wp-content\/litespeed\/avatar\/4029b201ab01022c2dc3fd1cbffb41b9.jpg?ver=1777381035","contentUrl":"https:\/\/www.soltel.es\/wp-content\/litespeed\/avatar\/4029b201ab01022c2dc3fd1cbffb41b9.jpg?ver=1777381035","caption":"Comunicaci\u00f3n"},"url":"https:\/\/www.soltel.es\/en\/author\/comunicacion\/"}]}},"_links":{"self":[{"href":"https:\/\/www.soltel.es\/en\/wp-json\/wp\/v2\/posts\/10915","targetHints":{"allow":["GET"]}}],"collection":[{"href":"https:\/\/www.soltel.es\/en\/wp-json\/wp\/v2\/posts"}],"about":[{"href":"https:\/\/www.soltel.es\/en\/wp-json\/wp\/v2\/types\/post"}],"author":[{"embeddable":true,"href":"https:\/\/www.soltel.es\/en\/wp-json\/wp\/v2\/users\/6"}],"replies":[{"embeddable":true,"href":"https:\/\/www.soltel.es\/en\/wp-json\/wp\/v2\/comments?post=10915"}],"version-history":[{"count":5,"href":"https:\/\/www.soltel.es\/en\/wp-json\/wp\/v2\/posts\/10915\/revisions"}],"predecessor-version":[{"id":10921,"href":"https:\/\/www.soltel.es\/en\/wp-json\/wp\/v2\/posts\/10915\/revisions\/10921"}],"wp:featuredmedia":[{"embeddable":true,"href":"https:\/\/www.soltel.es\/en\/wp-json\/wp\/v2\/media\/10920"}],"wp:attachment":[{"href":"https:\/\/www.soltel.es\/en\/wp-json\/wp\/v2\/media?parent=10915"}],"wp:term":[{"taxonomy":"category","embeddable":true,"href":"https:\/\/www.soltel.es\/en\/wp-json\/wp\/v2\/categories?post=10915"},{"taxonomy":"post_tag","embeddable":true,"href":"https:\/\/www.soltel.es\/en\/wp-json\/wp\/v2\/tags?post=10915"}],"curies":[{"name":"wp","href":"https:\/\/api.w.org\/{rel}","templated":true}]}}