{"id":10874,"date":"2026-04-24T07:00:46","date_gmt":"2026-04-24T07:00:46","guid":{"rendered":"https:\/\/www.soltel.es\/?p=10874"},"modified":"2026-04-24T07:26:23","modified_gmt":"2026-04-24T07:26:23","slug":"soltel-premio-luz-2026-empresa-tecnologica","status":"publish","type":"post","link":"https:\/\/www.soltel.es\/en\/soltel-premio-luz-2026-empresa-tecnologica\/","title":{"rendered":"Soltel, awarded at the LUZ Awards 2026 in the \u201cCompany\u201d category"},"content":{"rendered":"<section class=\"l-section wpb_row height_auto\"><div class=\"l-section-h i-cf\"><div class=\"g-cols vc_row via_grid cols_1 laptops-cols_inherit tablets-cols_inherit mobiles-cols_1 valign_top type_default stacking_default\"><div class=\"wpb_column vc_column_container\"><div class=\"vc_column-inner\"><div class=\"wpb_text_column\"><div class=\"wpb_wrapper\"><p>Soltel has been awarded the LUZ 2026 Prize in the \"Company\" category, a recognition given by Cibersur and Human Smart Lab that highlights its trajectory and commitment to technological innovation.<\/p>\n<p>The award ceremony took place on April 21st at the booth of the Mercantile and Industrial Circle of Seville, in the Real de la Feria de Sevilla, at an event that brought together prominent entities from the business and technology sectors.<\/p>\n<p>For Soltel, this recognition is a source of pride and a reward for the work carried out over more than two decades driving the digital transformation of public administrations and large organizations. Its journey has been marked by constant evolution, participation in strategic projects, and the ability to adapt to the technological challenges of each era.<\/p>\n<p>On the verge of celebrating their <strong>25th anniversary<\/strong>, Soltel continues to consolidate its growth as an Andalusian technology company, with a team of nearly 700 professionals and a strong presence throughout Spain. Its activity focuses on the development of innovative solutions, particularly in areas such as data and artificial intelligence applied to strategic sectors such as... <a href=\"https:\/\/www.soltel.es\/en\/sectores\/\"><strong>AGRICULTURE<\/strong> and the <strong>JUSTICE<\/strong><\/a>, as well as in proprietary solutions such as <a href=\"https:\/\/sistemaelex.com\/\"><strong>eLex<\/strong><\/a> for the management of legal files.<\/p>\n<p>The award was accepted by our CEO, <a href=\"https:\/\/www.linkedin.com\/in\/julio-p%C3%A9rez-l%C3%B3pez-6b559632\/\">Julio P\u00e9rez<\/a>, during her speech, she emphasized the importance of the Soltel team, thanking them for their daily efforts that drive continuous improvement both professionally and personally. She also highlighted the significance of the Andalusian ICT sector, underscoring that the company's journey over these nearly 25 years would not have been possible without the collaboration and contributions of all the stakeholders in this field.<\/p>\n<p>This recognition reinforces Soltel's commitment to innovation, technological excellence and generating value for customers and society, and highlights a period marked by major projects, strategic advances and the collective effort of its entire team.<\/p>\n<p>We thank the LUZ Awards organization and the jury for this recognition. We also congratulate the other award winners for their contributions to the development of the business and technology sectors.<\/p>\n<\/div><\/div><div class=\"w-separator size_medium\"><\/div><div class=\"w-hwrapper valign_top align_none\"><div class=\"w-slider style_none fit_cover nav_dots count_3\"><div class=\"w-slider-h\"><div class=\"royalSlider\"><div class=\"rsContent\"><a class=\"rsImg\" data-rsw=\"600\" data-rsh=\"400\" href=\"https:\/\/www.soltel.es\/wp-content\/uploads\/2026\/04\/Julio-hablando1-600x400.jpeg\"><span data-alt=\"\"><\/span><\/a><\/div><div class=\"rsContent\"><a class=\"rsImg\" data-rsw=\"600\" data-rsh=\"400\" href=\"https:\/\/www.soltel.es\/wp-content\/uploads\/2026\/04\/Entrega-premio2-600x400.jpeg\"><span data-alt=\"\"><\/span><\/a><\/div><div class=\"rsContent\"><a class=\"rsImg\" data-rsw=\"600\" data-rsh=\"400\" href=\"https:\/\/www.soltel.es\/wp-content\/uploads\/2026\/04\/Julio-hablandoamplia-600x400.jpeg\"><span data-alt=\"\"><\/span><\/a><\/div><\/div><img decoding=\"async\" src=\"https:\/\/www.soltel.es\/wp-content\/uploads\/2026\/04\/Julio-hablando1-600x400.jpeg\" width=\"600\" height=\"400\" alt loading=\"lazy\"><\/div><div class=\"w-slider-json\" onclick='return {&quot;autoScaleSlider&quot;:true,&quot;addActiveClass&quot;:true,&quot;loop&quot;:true,&quot;fadeInLoadedSlide&quot;:false,&quot;slidesSpacing&quot;:0,&quot;imageScalePadding&quot;:0,&quot;numImagesToPreload&quot;:2,&quot;arrowsNav&quot;:true,&quot;arrowsNavAutoHide&quot;:false,&quot;transitionType&quot;:&quot;move&quot;,&quot;transitionSpeed&quot;:250,&quot;block&quot;:{&quot;moveEffect&quot;:&quot;none&quot;,&quot;speed&quot;:300},&quot;thumbs&quot;:{&quot;fitInViewport&quot;:false,&quot;firstMargin&quot;:false,&quot;spacing&quot;:4},&quot;controlNavigation&quot;:&quot;bullets&quot;,&quot;autoplay&quot;:{&quot;enabled&quot;:true,&quot;pauseOnHover&quot;:true,&quot;delay&quot;:3000},&quot;autoScaleSliderWidth&quot;:600,&quot;autoScaleSliderHeight&quot;:400}'><\/div><\/div><\/div><\/div><\/div><\/div><\/div><\/section>","protected":false},"excerpt":{"rendered":"<p>Soltel has been recognized with the LUZ 2026 Award in the Business category, highlighting its trajectory, innovation and commitment to digital transformation.<\/p>","protected":false},"author":6,"featured_media":10884,"comment_status":"closed","ping_status":"open","sticky":false,"template":"","format":"standard","meta":{"_acf_changed":false,"footnotes":""},"categories":[132,135],"tags":[330,686,629,683,685,687,684,323,597,298],"class_list":["post-10874","post","type-post","status-publish","format-standard","has-post-thumbnail","hentry","category-noticia","category-premios","tag-andalucia","tag-empresa-tecnologica","tag-innovacion","tag-premios","tag-premios-luz","tag-reconocimiento","tag-sector-tic","tag-soltel","tag-tecnologia","tag-transformacion-digital"],"acf":[],"yoast_head":"<!-- This site is optimized with the Yoast SEO plugin v27.4 - https:\/\/yoast.com\/product\/yoast-seo-wordpress\/ -->\n<title>Soltel recibe el Premio LUZ 2026 - Soltel Group<\/title>\n<meta name=\"description\" content=\"Soltel recibe el Premio LUZ 2026 en la categor\u00eda Empresa, destacando su trayectoria, innovaci\u00f3n tecnol\u00f3gica y liderazgo en transformaci\u00f3n digital.\" \/>\n<meta name=\"robots\" content=\"index, follow, max-snippet:-1, max-image-preview:large, max-video-preview:-1\" \/>\n<link rel=\"canonical\" href=\"https:\/\/www.soltel.es\/en\/soltel-premio-luz-2026-empresa-tecnologica\/\" \/>\n<meta property=\"og:locale\" content=\"en_GB\" \/>\n<meta property=\"og:type\" content=\"article\" \/>\n<meta property=\"og:title\" content=\"Soltel recibe el Premio LUZ 2026 - Soltel Group\" \/>\n<meta property=\"og:description\" content=\"Soltel recibe el Premio LUZ 2026 en la categor\u00eda Empresa, destacando su trayectoria, innovaci\u00f3n tecnol\u00f3gica y liderazgo en transformaci\u00f3n digital.\" \/>\n<meta property=\"og:url\" content=\"https:\/\/www.soltel.es\/en\/soltel-premio-luz-2026-empresa-tecnologica\/\" \/>\n<meta property=\"og:site_name\" content=\"Soltel Group\" \/>\n<meta property=\"article:publisher\" content=\"https:\/\/www.facebook.com\/pages\/Soltel-IT-Solutions\/158795267511286\" \/>\n<meta property=\"article:published_time\" content=\"2026-04-24T07:00:46+00:00\" \/>\n<meta property=\"article:modified_time\" content=\"2026-04-24T07:26:23+00:00\" \/>\n<meta property=\"og:image\" content=\"https:\/\/www.soltel.es\/wp-content\/uploads\/2026\/04\/premios-luz-01.png\" \/>\n\t<meta property=\"og:image:width\" content=\"1333\" \/>\n\t<meta property=\"og:image:height\" content=\"888\" \/>\n\t<meta property=\"og:image:type\" content=\"image\/png\" \/>\n<meta name=\"author\" content=\"Comunicaci\u00f3n\" \/>\n<meta name=\"twitter:card\" content=\"summary_large_image\" \/>\n<meta name=\"twitter:creator\" content=\"@soltel_it\" \/>\n<meta name=\"twitter:site\" content=\"@soltel_it\" \/>\n<meta name=\"twitter:label1\" content=\"Written by\" \/>\n\t<meta name=\"twitter:data1\" content=\"Comunicaci\u00f3n\" \/>\n\t<meta name=\"twitter:label2\" content=\"Estimated reading time\" \/>\n\t<meta name=\"twitter:data2\" content=\"2 minutes\" \/>\n<script type=\"application\/ld+json\" class=\"yoast-schema-graph\">{\"@context\":\"https:\\\/\\\/schema.org\",\"@graph\":[{\"@type\":\"Article\",\"@id\":\"https:\\\/\\\/www.soltel.es\\\/soltel-premio-luz-2026-empresa-tecnologica\\\/#article\",\"isPartOf\":{\"@id\":\"https:\\\/\\\/www.soltel.es\\\/soltel-premio-luz-2026-empresa-tecnologica\\\/\"},\"author\":{\"name\":\"Comunicaci\u00f3n\",\"@id\":\"https:\\\/\\\/www.soltel.es\\\/#\\\/schema\\\/person\\\/a6df11d747a5dce2038b30c009842d0e\"},\"headline\":\"Soltel, premiada en los Premios LUZ 2026 en la categor\u00eda \u201cEmpresa\u201d\",\"datePublished\":\"2026-04-24T07:00:46+00:00\",\"dateModified\":\"2026-04-24T07:26:23+00:00\",\"mainEntityOfPage\":{\"@id\":\"https:\\\/\\\/www.soltel.es\\\/soltel-premio-luz-2026-empresa-tecnologica\\\/\"},\"wordCount\":442,\"publisher\":{\"@id\":\"https:\\\/\\\/www.soltel.es\\\/#organization\"},\"image\":{\"@id\":\"https:\\\/\\\/www.soltel.es\\\/soltel-premio-luz-2026-empresa-tecnologica\\\/#primaryimage\"},\"thumbnailUrl\":\"https:\\\/\\\/www.soltel.es\\\/wp-content\\\/uploads\\\/2026\\\/04\\\/premios-luz-01.png\",\"keywords\":[\"Andaluc\u00eda\",\"empresa tecnol\u00f3gica\",\"innovaci\u00f3n\",\"premios\",\"Premios LUZ\",\"reconocimiento\",\"sector TIC\",\"Soltel\",\"Tecnolog\u00eda\",\"Transformaci\u00f3n Digital\"],\"articleSection\":[\"Noticia\",\"Premios\"],\"inLanguage\":\"en-GB\"},{\"@type\":\"WebPage\",\"@id\":\"https:\\\/\\\/www.soltel.es\\\/soltel-premio-luz-2026-empresa-tecnologica\\\/\",\"url\":\"https:\\\/\\\/www.soltel.es\\\/soltel-premio-luz-2026-empresa-tecnologica\\\/\",\"name\":\"Soltel recibe el Premio LUZ 2026 - Soltel Group\",\"isPartOf\":{\"@id\":\"https:\\\/\\\/www.soltel.es\\\/#website\"},\"primaryImageOfPage\":{\"@id\":\"https:\\\/\\\/www.soltel.es\\\/soltel-premio-luz-2026-empresa-tecnologica\\\/#primaryimage\"},\"image\":{\"@id\":\"https:\\\/\\\/www.soltel.es\\\/soltel-premio-luz-2026-empresa-tecnologica\\\/#primaryimage\"},\"thumbnailUrl\":\"https:\\\/\\\/www.soltel.es\\\/wp-content\\\/uploads\\\/2026\\\/04\\\/premios-luz-01.png\",\"datePublished\":\"2026-04-24T07:00:46+00:00\",\"dateModified\":\"2026-04-24T07:26:23+00:00\",\"description\":\"Soltel recibe el Premio LUZ 2026 en la categor\u00eda Empresa, destacando su trayectoria, innovaci\u00f3n tecnol\u00f3gica y liderazgo en transformaci\u00f3n digital.\",\"breadcrumb\":{\"@id\":\"https:\\\/\\\/www.soltel.es\\\/soltel-premio-luz-2026-empresa-tecnologica\\\/#breadcrumb\"},\"inLanguage\":\"en-GB\",\"potentialAction\":[{\"@type\":\"ReadAction\",\"target\":[\"https:\\\/\\\/www.soltel.es\\\/soltel-premio-luz-2026-empresa-tecnologica\\\/\"]}]},{\"@type\":\"ImageObject\",\"inLanguage\":\"en-GB\",\"@id\":\"https:\\\/\\\/www.soltel.es\\\/soltel-premio-luz-2026-empresa-tecnologica\\\/#primaryimage\",\"url\":\"https:\\\/\\\/www.soltel.es\\\/wp-content\\\/uploads\\\/2026\\\/04\\\/premios-luz-01.png\",\"contentUrl\":\"https:\\\/\\\/www.soltel.es\\\/wp-content\\\/uploads\\\/2026\\\/04\\\/premios-luz-01.png\",\"width\":1333,\"height\":888},{\"@type\":\"BreadcrumbList\",\"@id\":\"https:\\\/\\\/www.soltel.es\\\/soltel-premio-luz-2026-empresa-tecnologica\\\/#breadcrumb\",\"itemListElement\":[{\"@type\":\"ListItem\",\"position\":1,\"name\":\"Portada\",\"item\":\"https:\\\/\\\/www.soltel.es\\\/\"},{\"@type\":\"ListItem\",\"position\":2,\"name\":\"Soltel, premiada en los Premios LUZ 2026 en la categor\u00eda \u201cEmpresa\u201d\"}]},{\"@type\":\"WebSite\",\"@id\":\"https:\\\/\\\/www.soltel.es\\\/#website\",\"url\":\"https:\\\/\\\/www.soltel.es\\\/\",\"name\":\"Soltel Group\",\"description\":\"Soltel IT Solutions, empresa especializada en servicios IT\",\"publisher\":{\"@id\":\"https:\\\/\\\/www.soltel.es\\\/#organization\"},\"potentialAction\":[{\"@type\":\"SearchAction\",\"target\":{\"@type\":\"EntryPoint\",\"urlTemplate\":\"https:\\\/\\\/www.soltel.es\\\/?s={search_term_string}\"},\"query-input\":{\"@type\":\"PropertyValueSpecification\",\"valueRequired\":true,\"valueName\":\"search_term_string\"}}],\"inLanguage\":\"en-GB\"},{\"@type\":\"Organization\",\"@id\":\"https:\\\/\\\/www.soltel.es\\\/#organization\",\"name\":\"Soltel Group\",\"url\":\"https:\\\/\\\/www.soltel.es\\\/\",\"logo\":{\"@type\":\"ImageObject\",\"inLanguage\":\"en-GB\",\"@id\":\"https:\\\/\\\/www.soltel.es\\\/#\\\/schema\\\/logo\\\/image\\\/\",\"url\":\"https:\\\/\\\/www.soltel.es\\\/wp-content\\\/uploads\\\/2023\\\/03\\\/logotipo-soltel.png\",\"contentUrl\":\"https:\\\/\\\/www.soltel.es\\\/wp-content\\\/uploads\\\/2023\\\/03\\\/logotipo-soltel.png\",\"width\":276,\"height\":212,\"caption\":\"Soltel Group\"},\"image\":{\"@id\":\"https:\\\/\\\/www.soltel.es\\\/#\\\/schema\\\/logo\\\/image\\\/\"},\"sameAs\":[\"https:\\\/\\\/www.facebook.com\\\/pages\\\/Soltel-IT-Solutions\\\/158795267511286\",\"https:\\\/\\\/x.com\\\/soltel_it\",\"https:\\\/\\\/www.youtube.com\\\/@soltel\",\"https:\\\/\\\/www.linkedin.com\\\/company\\\/soltel\",\"https:\\\/\\\/www.instagram.com\\\/soltelgroup\\\/\"]},{\"@type\":\"Person\",\"@id\":\"https:\\\/\\\/www.soltel.es\\\/#\\\/schema\\\/person\\\/a6df11d747a5dce2038b30c009842d0e\",\"name\":\"Comunicaci\u00f3n\",\"image\":{\"@type\":\"ImageObject\",\"inLanguage\":\"en-GB\",\"@id\":\"https:\\\/\\\/www.soltel.es\\\/wp-content\\\/litespeed\\\/avatar\\\/4029b201ab01022c2dc3fd1cbffb41b9.jpg?ver=1776775927\",\"url\":\"https:\\\/\\\/www.soltel.es\\\/wp-content\\\/litespeed\\\/avatar\\\/4029b201ab01022c2dc3fd1cbffb41b9.jpg?ver=1776775927\",\"contentUrl\":\"https:\\\/\\\/www.soltel.es\\\/wp-content\\\/litespeed\\\/avatar\\\/4029b201ab01022c2dc3fd1cbffb41b9.jpg?ver=1776775927\",\"caption\":\"Comunicaci\u00f3n\"},\"url\":\"https:\\\/\\\/www.soltel.es\\\/en\\\/author\\\/comunicacion\\\/\"}]}<\/script>\n<!-- \/ Yoast SEO plugin. -->","yoast_head_json":{"title":"Soltel recibe el Premio LUZ 2026 - Soltel Group","description":"Soltel recibe el Premio LUZ 2026 en la categor\u00eda Empresa, destacando su trayectoria, innovaci\u00f3n tecnol\u00f3gica y liderazgo en transformaci\u00f3n digital.","robots":{"index":"index","follow":"follow","max-snippet":"max-snippet:-1","max-image-preview":"max-image-preview:large","max-video-preview":"max-video-preview:-1"},"canonical":"https:\/\/www.soltel.es\/en\/soltel-premio-luz-2026-empresa-tecnologica\/","og_locale":"en_GB","og_type":"article","og_title":"Soltel recibe el Premio LUZ 2026 - Soltel Group","og_description":"Soltel recibe el Premio LUZ 2026 en la categor\u00eda Empresa, destacando su trayectoria, innovaci\u00f3n tecnol\u00f3gica y liderazgo en transformaci\u00f3n digital.","og_url":"https:\/\/www.soltel.es\/en\/soltel-premio-luz-2026-empresa-tecnologica\/","og_site_name":"Soltel Group","article_publisher":"https:\/\/www.facebook.com\/pages\/Soltel-IT-Solutions\/158795267511286","article_published_time":"2026-04-24T07:00:46+00:00","article_modified_time":"2026-04-24T07:26:23+00:00","og_image":[{"width":1333,"height":888,"url":"https:\/\/www.soltel.es\/wp-content\/uploads\/2026\/04\/premios-luz-01.png","type":"image\/png"}],"author":"Comunicaci\u00f3n","twitter_card":"summary_large_image","twitter_creator":"@soltel_it","twitter_site":"@soltel_it","twitter_misc":{"Written by":"Comunicaci\u00f3n","Estimated reading time":"2 minutes"},"schema":{"@context":"https:\/\/schema.org","@graph":[{"@type":"Article","@id":"https:\/\/www.soltel.es\/soltel-premio-luz-2026-empresa-tecnologica\/#article","isPartOf":{"@id":"https:\/\/www.soltel.es\/soltel-premio-luz-2026-empresa-tecnologica\/"},"author":{"name":"Comunicaci\u00f3n","@id":"https:\/\/www.soltel.es\/#\/schema\/person\/a6df11d747a5dce2038b30c009842d0e"},"headline":"Soltel, premiada en los Premios LUZ 2026 en la categor\u00eda \u201cEmpresa\u201d","datePublished":"2026-04-24T07:00:46+00:00","dateModified":"2026-04-24T07:26:23+00:00","mainEntityOfPage":{"@id":"https:\/\/www.soltel.es\/soltel-premio-luz-2026-empresa-tecnologica\/"},"wordCount":442,"publisher":{"@id":"https:\/\/www.soltel.es\/#organization"},"image":{"@id":"https:\/\/www.soltel.es\/soltel-premio-luz-2026-empresa-tecnologica\/#primaryimage"},"thumbnailUrl":"https:\/\/www.soltel.es\/wp-content\/uploads\/2026\/04\/premios-luz-01.png","keywords":["Andaluc\u00eda","empresa tecnol\u00f3gica","innovaci\u00f3n","premios","Premios LUZ","reconocimiento","sector TIC","Soltel","Tecnolog\u00eda","Transformaci\u00f3n Digital"],"articleSection":["Noticia","Premios"],"inLanguage":"en-GB"},{"@type":"WebPage","@id":"https:\/\/www.soltel.es\/soltel-premio-luz-2026-empresa-tecnologica\/","url":"https:\/\/www.soltel.es\/soltel-premio-luz-2026-empresa-tecnologica\/","name":"Soltel recibe el Premio LUZ 2026 - Soltel Group","isPartOf":{"@id":"https:\/\/www.soltel.es\/#website"},"primaryImageOfPage":{"@id":"https:\/\/www.soltel.es\/soltel-premio-luz-2026-empresa-tecnologica\/#primaryimage"},"image":{"@id":"https:\/\/www.soltel.es\/soltel-premio-luz-2026-empresa-tecnologica\/#primaryimage"},"thumbnailUrl":"https:\/\/www.soltel.es\/wp-content\/uploads\/2026\/04\/premios-luz-01.png","datePublished":"2026-04-24T07:00:46+00:00","dateModified":"2026-04-24T07:26:23+00:00","description":"Soltel recibe el Premio LUZ 2026 en la categor\u00eda Empresa, destacando su trayectoria, innovaci\u00f3n tecnol\u00f3gica y liderazgo en transformaci\u00f3n digital.","breadcrumb":{"@id":"https:\/\/www.soltel.es\/soltel-premio-luz-2026-empresa-tecnologica\/#breadcrumb"},"inLanguage":"en-GB","potentialAction":[{"@type":"ReadAction","target":["https:\/\/www.soltel.es\/soltel-premio-luz-2026-empresa-tecnologica\/"]}]},{"@type":"ImageObject","inLanguage":"en-GB","@id":"https:\/\/www.soltel.es\/soltel-premio-luz-2026-empresa-tecnologica\/#primaryimage","url":"https:\/\/www.soltel.es\/wp-content\/uploads\/2026\/04\/premios-luz-01.png","contentUrl":"https:\/\/www.soltel.es\/wp-content\/uploads\/2026\/04\/premios-luz-01.png","width":1333,"height":888},{"@type":"BreadcrumbList","@id":"https:\/\/www.soltel.es\/soltel-premio-luz-2026-empresa-tecnologica\/#breadcrumb","itemListElement":[{"@type":"ListItem","position":1,"name":"Portada","item":"https:\/\/www.soltel.es\/"},{"@type":"ListItem","position":2,"name":"Soltel, premiada en los Premios LUZ 2026 en la categor\u00eda \u201cEmpresa\u201d"}]},{"@type":"WebSite","@id":"https:\/\/www.soltel.es\/#website","url":"https:\/\/www.soltel.es\/","name":"Soltel Group","description":"Soltel IT Solutions, a company specializing in IT services","publisher":{"@id":"https:\/\/www.soltel.es\/#organization"},"potentialAction":[{"@type":"SearchAction","target":{"@type":"EntryPoint","urlTemplate":"https:\/\/www.soltel.es\/?s={search_term_string}"},"query-input":{"@type":"PropertyValueSpecification","valueRequired":true,"valueName":"search_term_string"}}],"inLanguage":"en-GB"},{"@type":"Organization","@id":"https:\/\/www.soltel.es\/#organization","name":"Soltel Group","url":"https:\/\/www.soltel.es\/","logo":{"@type":"ImageObject","inLanguage":"en-GB","@id":"https:\/\/www.soltel.es\/#\/schema\/logo\/image\/","url":"https:\/\/www.soltel.es\/wp-content\/uploads\/2023\/03\/logotipo-soltel.png","contentUrl":"https:\/\/www.soltel.es\/wp-content\/uploads\/2023\/03\/logotipo-soltel.png","width":276,"height":212,"caption":"Soltel Group"},"image":{"@id":"https:\/\/www.soltel.es\/#\/schema\/logo\/image\/"},"sameAs":["https:\/\/www.facebook.com\/pages\/Soltel-IT-Solutions\/158795267511286","https:\/\/x.com\/soltel_it","https:\/\/www.youtube.com\/@soltel","https:\/\/www.linkedin.com\/company\/soltel","https:\/\/www.instagram.com\/soltelgroup\/"]},{"@type":"Person","@id":"https:\/\/www.soltel.es\/#\/schema\/person\/a6df11d747a5dce2038b30c009842d0e","name":"Communication","image":{"@type":"ImageObject","inLanguage":"en-GB","@id":"https:\/\/www.soltel.es\/wp-content\/litespeed\/avatar\/4029b201ab01022c2dc3fd1cbffb41b9.jpg?ver=1776775927","url":"https:\/\/www.soltel.es\/wp-content\/litespeed\/avatar\/4029b201ab01022c2dc3fd1cbffb41b9.jpg?ver=1776775927","contentUrl":"https:\/\/www.soltel.es\/wp-content\/litespeed\/avatar\/4029b201ab01022c2dc3fd1cbffb41b9.jpg?ver=1776775927","caption":"Comunicaci\u00f3n"},"url":"https:\/\/www.soltel.es\/en\/author\/comunicacion\/"}]}},"_links":{"self":[{"href":"https:\/\/www.soltel.es\/en\/wp-json\/wp\/v2\/posts\/10874","targetHints":{"allow":["GET"]}}],"collection":[{"href":"https:\/\/www.soltel.es\/en\/wp-json\/wp\/v2\/posts"}],"about":[{"href":"https:\/\/www.soltel.es\/en\/wp-json\/wp\/v2\/types\/post"}],"author":[{"embeddable":true,"href":"https:\/\/www.soltel.es\/en\/wp-json\/wp\/v2\/users\/6"}],"replies":[{"embeddable":true,"href":"https:\/\/www.soltel.es\/en\/wp-json\/wp\/v2\/comments?post=10874"}],"version-history":[{"count":8,"href":"https:\/\/www.soltel.es\/en\/wp-json\/wp\/v2\/posts\/10874\/revisions"}],"predecessor-version":[{"id":10886,"href":"https:\/\/www.soltel.es\/en\/wp-json\/wp\/v2\/posts\/10874\/revisions\/10886"}],"wp:featuredmedia":[{"embeddable":true,"href":"https:\/\/www.soltel.es\/en\/wp-json\/wp\/v2\/media\/10884"}],"wp:attachment":[{"href":"https:\/\/www.soltel.es\/en\/wp-json\/wp\/v2\/media?parent=10874"}],"wp:term":[{"taxonomy":"category","embeddable":true,"href":"https:\/\/www.soltel.es\/en\/wp-json\/wp\/v2\/categories?post=10874"},{"taxonomy":"post_tag","embeddable":true,"href":"https:\/\/www.soltel.es\/en\/wp-json\/wp\/v2\/tags?post=10874"}],"curies":[{"name":"wp","href":"https:\/\/api.w.org\/{rel}","templated":true}]}}