{"id":10856,"date":"2026-04-17T07:00:46","date_gmt":"2026-04-17T07:00:46","guid":{"rendered":"https:\/\/www.soltel.es\/?p=10856"},"modified":"2026-04-20T07:36:27","modified_gmt":"2026-04-20T07:36:27","slug":"soltel-defiende-su-estrategia-2026-2030","status":"publish","type":"post","link":"https:\/\/www.soltel.es\/en\/soltel-defiende-su-estrategia-2026-2030\/","title":{"rendered":"Soltel defines its 2026\u20132030 strategy at a management meeting"},"content":{"rendered":"<section class=\"l-section wpb_row height_auto\"><div class=\"l-section-h i-cf\"><div class=\"g-cols vc_row via_grid cols_1 laptops-cols_inherit tablets-cols_inherit mobiles-cols_1 valign_top type_default stacking_default\"><div class=\"wpb_column vc_column_container\"><div class=\"vc_column-inner\"><div class=\"wpb_text_column\"><div class=\"wpb_wrapper\"><p>Management, sales team, shared services and delivery management have shared vision, challenges, capabilities and objectives with a clear idea: to continue building a stronger, more aligned and better prepared Soltel to respond to the challenges of the future.<\/p>\n<p>These have been days of reflection, debate and joint work in an inspiring environment by the sea, which allowed us to gain perspective and reinforce something essential: Soltel's growth is built from collaboration, commitment and a shared vision.<\/p>\n<p>We continue to move forward to consolidate our capabilities, strengthen our positioning and respond to the opportunities ahead, in line with the evolution of the company's strategic plan.<\/p>\n<p>Thank you to everyone who participated in this meeting for their involvement, their vision, and their desire to continue building the next chapters of Soltel together.<\/p>\n<\/div><\/div><div class=\"w-hwrapper valign_top align_none\"><\/div><div class=\"w-slider style_none fit_scaledown nav_none count_3\"><div class=\"w-slider-h\"><div class=\"royalSlider\"><div class=\"rsContent\"><a class=\"rsImg\" data-rsw=\"600\" data-rsh=\"400\" href=\"https:\/\/www.soltel.es\/wp-content\/uploads\/2026\/04\/post1705-01-600x400.png\"><span data-alt=\"\"><\/span><\/a><\/div><div class=\"rsContent\"><a class=\"rsImg\" data-rsw=\"600\" data-rsh=\"400\" href=\"https:\/\/www.soltel.es\/wp-content\/uploads\/2026\/04\/Todos.Oscura-600x400.jpeg\"><span data-alt=\"\"><\/span><\/a><\/div><div class=\"rsContent\"><a class=\"rsImg\" data-rsw=\"600\" data-rsh=\"400\" href=\"https:\/\/www.soltel.es\/wp-content\/uploads\/2026\/04\/WhatsApp-Image-2026-04-16-at-10.50.21-1-600x400.jpeg\"><span data-alt=\"\"><\/span><\/a><\/div><\/div><img decoding=\"async\" src=\"https:\/\/www.soltel.es\/wp-content\/uploads\/2026\/04\/post1705-01-600x400.png\" width=\"600\" height=\"400\" alt loading=\"lazy\"><\/div><div class=\"w-slider-json\" onclick='return {&quot;autoScaleSlider&quot;:true,&quot;addActiveClass&quot;:true,&quot;loop&quot;:true,&quot;fadeInLoadedSlide&quot;:false,&quot;slidesSpacing&quot;:0,&quot;imageScalePadding&quot;:0,&quot;numImagesToPreload&quot;:2,&quot;arrowsNav&quot;:true,&quot;arrowsNavAutoHide&quot;:false,&quot;transitionType&quot;:&quot;move&quot;,&quot;transitionSpeed&quot;:250,&quot;block&quot;:{&quot;moveEffect&quot;:&quot;none&quot;,&quot;speed&quot;:300},&quot;thumbs&quot;:{&quot;fitInViewport&quot;:false,&quot;firstMargin&quot;:false,&quot;spacing&quot;:4},&quot;controlNavigation&quot;:&quot;none&quot;,&quot;autoplay&quot;:{&quot;enabled&quot;:true,&quot;pauseOnHover&quot;:true,&quot;delay&quot;:5000},&quot;autoScaleSliderWidth&quot;:600,&quot;autoScaleSliderHeight&quot;:400}'><\/div><\/div><\/div><\/div><\/div><\/div><\/section>","protected":false},"excerpt":{"rendered":"<p>Soltel held a management meeting with its main departments to define the 2026-2030 strategy, aligning vision, capabilities and objectives to face future challenges.<\/p>","protected":false},"author":6,"featured_media":10862,"comment_status":"closed","ping_status":"open","sticky":false,"template":"","format":"standard","meta":{"_acf_changed":false,"footnotes":""},"categories":[148,132],"tags":[678,377,124,675,81,629,677,676,609,323,298,679],"class_list":["post-10856","post","type-post","status-publish","format-standard","has-post-thumbnail","hentry","category-mejora-de-competitividad-empresarial","category-noticia","tag-consultoria-tecnologica","tag-crecimiento-empresarial","tag-equipo","tag-estrategia-empresarial","tag-gestion","tag-innovacion","tag-liderazgo","tag-plan-estrategico","tag-sector-publico","tag-soltel","tag-transformacion-digital","tag-vision-estrategica"],"acf":[],"yoast_head":"<!-- This site is optimized with the Yoast SEO plugin v27.4 - https:\/\/yoast.com\/product\/yoast-seo-wordpress\/ -->\n<title>estrategia Soltel 2026-2030 - Soltel Group<\/title>\n<meta name=\"description\" content=\"Soltel re\u00fane a su equipo directivo para definir la estrategia 2026-2030, reforzando su posicionamiento, capacidades y visi\u00f3n de futuro.\" \/>\n<meta name=\"robots\" content=\"index, follow, max-snippet:-1, max-image-preview:large, max-video-preview:-1\" \/>\n<link rel=\"canonical\" href=\"https:\/\/www.soltel.es\/en\/soltel-defiende-su-estrategia-2026-2030\/\" \/>\n<meta property=\"og:locale\" content=\"en_GB\" \/>\n<meta property=\"og:type\" content=\"article\" \/>\n<meta property=\"og:title\" content=\"estrategia Soltel 2026-2030 - Soltel Group\" \/>\n<meta property=\"og:description\" content=\"Soltel re\u00fane a su equipo directivo para definir la estrategia 2026-2030, reforzando su posicionamiento, capacidades y visi\u00f3n de futuro.\" \/>\n<meta property=\"og:url\" content=\"https:\/\/www.soltel.es\/en\/soltel-defiende-su-estrategia-2026-2030\/\" \/>\n<meta property=\"og:site_name\" content=\"Soltel Group\" \/>\n<meta property=\"article:publisher\" content=\"https:\/\/www.facebook.com\/pages\/Soltel-IT-Solutions\/158795267511286\" \/>\n<meta property=\"article:published_time\" content=\"2026-04-17T07:00:46+00:00\" \/>\n<meta property=\"article:modified_time\" content=\"2026-04-20T07:36:27+00:00\" \/>\n<meta property=\"og:image\" content=\"https:\/\/www.soltel.es\/wp-content\/uploads\/2026\/04\/post1705-01.png\" \/>\n\t<meta property=\"og:image:width\" content=\"1333\" \/>\n\t<meta property=\"og:image:height\" content=\"888\" \/>\n\t<meta property=\"og:image:type\" content=\"image\/png\" \/>\n<meta name=\"author\" content=\"Comunicaci\u00f3n\" \/>\n<meta name=\"twitter:card\" content=\"summary_large_image\" \/>\n<meta name=\"twitter:creator\" content=\"@soltel_it\" \/>\n<meta name=\"twitter:site\" content=\"@soltel_it\" \/>\n<meta name=\"twitter:label1\" content=\"Written by\" \/>\n\t<meta name=\"twitter:data1\" content=\"Comunicaci\u00f3n\" \/>\n\t<meta name=\"twitter:label2\" content=\"Estimated reading time\" \/>\n\t<meta name=\"twitter:data2\" content=\"1 minute\" \/>\n<script type=\"application\/ld+json\" class=\"yoast-schema-graph\">{\"@context\":\"https:\\\/\\\/schema.org\",\"@graph\":[{\"@type\":\"Article\",\"@id\":\"https:\\\/\\\/www.soltel.es\\\/soltel-defiende-su-estrategia-2026-2030\\\/#article\",\"isPartOf\":{\"@id\":\"https:\\\/\\\/www.soltel.es\\\/soltel-defiende-su-estrategia-2026-2030\\\/\"},\"author\":{\"name\":\"Comunicaci\u00f3n\",\"@id\":\"https:\\\/\\\/www.soltel.es\\\/#\\\/schema\\\/person\\\/a6df11d747a5dce2038b30c009842d0e\"},\"headline\":\"Soltel define su estrategia 2026\u20132030 en una reuni\u00f3n de gesti\u00f3n\",\"datePublished\":\"2026-04-17T07:00:46+00:00\",\"dateModified\":\"2026-04-20T07:36:27+00:00\",\"mainEntityOfPage\":{\"@id\":\"https:\\\/\\\/www.soltel.es\\\/soltel-defiende-su-estrategia-2026-2030\\\/\"},\"wordCount\":200,\"publisher\":{\"@id\":\"https:\\\/\\\/www.soltel.es\\\/#organization\"},\"image\":{\"@id\":\"https:\\\/\\\/www.soltel.es\\\/soltel-defiende-su-estrategia-2026-2030\\\/#primaryimage\"},\"thumbnailUrl\":\"https:\\\/\\\/www.soltel.es\\\/wp-content\\\/uploads\\\/2026\\\/04\\\/post1705-01.png\",\"keywords\":[\"consultor\u00eda tecnol\u00f3gica\",\"Crecimiento empresarial\",\"equipo\",\"estrategia empresarial\",\"gesti\u00f3n\",\"innovaci\u00f3n\",\"liderazgo\",\"plan estrat\u00e9gico\",\"Sector p\u00fablico\",\"Soltel\",\"Transformaci\u00f3n Digital\",\"visi\u00f3n estrat\u00e9gica\"],\"articleSection\":[\"Mejora de competitividad empresarial\",\"Noticia\"],\"inLanguage\":\"en-GB\"},{\"@type\":\"WebPage\",\"@id\":\"https:\\\/\\\/www.soltel.es\\\/soltel-defiende-su-estrategia-2026-2030\\\/\",\"url\":\"https:\\\/\\\/www.soltel.es\\\/soltel-defiende-su-estrategia-2026-2030\\\/\",\"name\":\"estrategia Soltel 2026-2030 - Soltel Group\",\"isPartOf\":{\"@id\":\"https:\\\/\\\/www.soltel.es\\\/#website\"},\"primaryImageOfPage\":{\"@id\":\"https:\\\/\\\/www.soltel.es\\\/soltel-defiende-su-estrategia-2026-2030\\\/#primaryimage\"},\"image\":{\"@id\":\"https:\\\/\\\/www.soltel.es\\\/soltel-defiende-su-estrategia-2026-2030\\\/#primaryimage\"},\"thumbnailUrl\":\"https:\\\/\\\/www.soltel.es\\\/wp-content\\\/uploads\\\/2026\\\/04\\\/post1705-01.png\",\"datePublished\":\"2026-04-17T07:00:46+00:00\",\"dateModified\":\"2026-04-20T07:36:27+00:00\",\"description\":\"Soltel re\u00fane a su equipo directivo para definir la estrategia 2026-2030, reforzando su posicionamiento, capacidades y visi\u00f3n de futuro.\",\"breadcrumb\":{\"@id\":\"https:\\\/\\\/www.soltel.es\\\/soltel-defiende-su-estrategia-2026-2030\\\/#breadcrumb\"},\"inLanguage\":\"en-GB\",\"potentialAction\":[{\"@type\":\"ReadAction\",\"target\":[\"https:\\\/\\\/www.soltel.es\\\/soltel-defiende-su-estrategia-2026-2030\\\/\"]}]},{\"@type\":\"ImageObject\",\"inLanguage\":\"en-GB\",\"@id\":\"https:\\\/\\\/www.soltel.es\\\/soltel-defiende-su-estrategia-2026-2030\\\/#primaryimage\",\"url\":\"https:\\\/\\\/www.soltel.es\\\/wp-content\\\/uploads\\\/2026\\\/04\\\/post1705-01.png\",\"contentUrl\":\"https:\\\/\\\/www.soltel.es\\\/wp-content\\\/uploads\\\/2026\\\/04\\\/post1705-01.png\",\"width\":1333,\"height\":888},{\"@type\":\"BreadcrumbList\",\"@id\":\"https:\\\/\\\/www.soltel.es\\\/soltel-defiende-su-estrategia-2026-2030\\\/#breadcrumb\",\"itemListElement\":[{\"@type\":\"ListItem\",\"position\":1,\"name\":\"Portada\",\"item\":\"https:\\\/\\\/www.soltel.es\\\/\"},{\"@type\":\"ListItem\",\"position\":2,\"name\":\"Soltel define su estrategia 2026\u20132030 en una reuni\u00f3n de gesti\u00f3n\"}]},{\"@type\":\"WebSite\",\"@id\":\"https:\\\/\\\/www.soltel.es\\\/#website\",\"url\":\"https:\\\/\\\/www.soltel.es\\\/\",\"name\":\"Soltel Group\",\"description\":\"Soltel IT Solutions, empresa especializada en servicios IT\",\"publisher\":{\"@id\":\"https:\\\/\\\/www.soltel.es\\\/#organization\"},\"potentialAction\":[{\"@type\":\"SearchAction\",\"target\":{\"@type\":\"EntryPoint\",\"urlTemplate\":\"https:\\\/\\\/www.soltel.es\\\/?s={search_term_string}\"},\"query-input\":{\"@type\":\"PropertyValueSpecification\",\"valueRequired\":true,\"valueName\":\"search_term_string\"}}],\"inLanguage\":\"en-GB\"},{\"@type\":\"Organization\",\"@id\":\"https:\\\/\\\/www.soltel.es\\\/#organization\",\"name\":\"Soltel Group\",\"url\":\"https:\\\/\\\/www.soltel.es\\\/\",\"logo\":{\"@type\":\"ImageObject\",\"inLanguage\":\"en-GB\",\"@id\":\"https:\\\/\\\/www.soltel.es\\\/#\\\/schema\\\/logo\\\/image\\\/\",\"url\":\"https:\\\/\\\/www.soltel.es\\\/wp-content\\\/uploads\\\/2023\\\/03\\\/logotipo-soltel.png\",\"contentUrl\":\"https:\\\/\\\/www.soltel.es\\\/wp-content\\\/uploads\\\/2023\\\/03\\\/logotipo-soltel.png\",\"width\":276,\"height\":212,\"caption\":\"Soltel Group\"},\"image\":{\"@id\":\"https:\\\/\\\/www.soltel.es\\\/#\\\/schema\\\/logo\\\/image\\\/\"},\"sameAs\":[\"https:\\\/\\\/www.facebook.com\\\/pages\\\/Soltel-IT-Solutions\\\/158795267511286\",\"https:\\\/\\\/x.com\\\/soltel_it\",\"https:\\\/\\\/www.youtube.com\\\/@soltel\",\"https:\\\/\\\/www.linkedin.com\\\/company\\\/soltel\",\"https:\\\/\\\/www.instagram.com\\\/soltelgroup\\\/\"]},{\"@type\":\"Person\",\"@id\":\"https:\\\/\\\/www.soltel.es\\\/#\\\/schema\\\/person\\\/a6df11d747a5dce2038b30c009842d0e\",\"name\":\"Comunicaci\u00f3n\",\"image\":{\"@type\":\"ImageObject\",\"inLanguage\":\"en-GB\",\"@id\":\"https:\\\/\\\/www.soltel.es\\\/wp-content\\\/litespeed\\\/avatar\\\/4029b201ab01022c2dc3fd1cbffb41b9.jpg?ver=1776775927\",\"url\":\"https:\\\/\\\/www.soltel.es\\\/wp-content\\\/litespeed\\\/avatar\\\/4029b201ab01022c2dc3fd1cbffb41b9.jpg?ver=1776775927\",\"contentUrl\":\"https:\\\/\\\/www.soltel.es\\\/wp-content\\\/litespeed\\\/avatar\\\/4029b201ab01022c2dc3fd1cbffb41b9.jpg?ver=1776775927\",\"caption\":\"Comunicaci\u00f3n\"},\"url\":\"https:\\\/\\\/www.soltel.es\\\/en\\\/author\\\/comunicacion\\\/\"}]}<\/script>\n<!-- \/ Yoast SEO plugin. -->","yoast_head_json":{"title":"estrategia Soltel 2026-2030 - Soltel Group","description":"Soltel re\u00fane a su equipo directivo para definir la estrategia 2026-2030, reforzando su posicionamiento, capacidades y visi\u00f3n de futuro.","robots":{"index":"index","follow":"follow","max-snippet":"max-snippet:-1","max-image-preview":"max-image-preview:large","max-video-preview":"max-video-preview:-1"},"canonical":"https:\/\/www.soltel.es\/en\/soltel-defiende-su-estrategia-2026-2030\/","og_locale":"en_GB","og_type":"article","og_title":"estrategia Soltel 2026-2030 - Soltel Group","og_description":"Soltel re\u00fane a su equipo directivo para definir la estrategia 2026-2030, reforzando su posicionamiento, capacidades y visi\u00f3n de futuro.","og_url":"https:\/\/www.soltel.es\/en\/soltel-defiende-su-estrategia-2026-2030\/","og_site_name":"Soltel Group","article_publisher":"https:\/\/www.facebook.com\/pages\/Soltel-IT-Solutions\/158795267511286","article_published_time":"2026-04-17T07:00:46+00:00","article_modified_time":"2026-04-20T07:36:27+00:00","og_image":[{"width":1333,"height":888,"url":"https:\/\/www.soltel.es\/wp-content\/uploads\/2026\/04\/post1705-01.png","type":"image\/png"}],"author":"Comunicaci\u00f3n","twitter_card":"summary_large_image","twitter_creator":"@soltel_it","twitter_site":"@soltel_it","twitter_misc":{"Written by":"Comunicaci\u00f3n","Estimated reading time":"1 minute"},"schema":{"@context":"https:\/\/schema.org","@graph":[{"@type":"Article","@id":"https:\/\/www.soltel.es\/soltel-defiende-su-estrategia-2026-2030\/#article","isPartOf":{"@id":"https:\/\/www.soltel.es\/soltel-defiende-su-estrategia-2026-2030\/"},"author":{"name":"Comunicaci\u00f3n","@id":"https:\/\/www.soltel.es\/#\/schema\/person\/a6df11d747a5dce2038b30c009842d0e"},"headline":"Soltel define su estrategia 2026\u20132030 en una reuni\u00f3n de gesti\u00f3n","datePublished":"2026-04-17T07:00:46+00:00","dateModified":"2026-04-20T07:36:27+00:00","mainEntityOfPage":{"@id":"https:\/\/www.soltel.es\/soltel-defiende-su-estrategia-2026-2030\/"},"wordCount":200,"publisher":{"@id":"https:\/\/www.soltel.es\/#organization"},"image":{"@id":"https:\/\/www.soltel.es\/soltel-defiende-su-estrategia-2026-2030\/#primaryimage"},"thumbnailUrl":"https:\/\/www.soltel.es\/wp-content\/uploads\/2026\/04\/post1705-01.png","keywords":["consultor\u00eda tecnol\u00f3gica","Crecimiento empresarial","equipo","estrategia empresarial","gesti\u00f3n","innovaci\u00f3n","liderazgo","plan estrat\u00e9gico","Sector p\u00fablico","Soltel","Transformaci\u00f3n Digital","visi\u00f3n estrat\u00e9gica"],"articleSection":["Mejora de competitividad empresarial","Noticia"],"inLanguage":"en-GB"},{"@type":"WebPage","@id":"https:\/\/www.soltel.es\/soltel-defiende-su-estrategia-2026-2030\/","url":"https:\/\/www.soltel.es\/soltel-defiende-su-estrategia-2026-2030\/","name":"estrategia Soltel 2026-2030 - Soltel Group","isPartOf":{"@id":"https:\/\/www.soltel.es\/#website"},"primaryImageOfPage":{"@id":"https:\/\/www.soltel.es\/soltel-defiende-su-estrategia-2026-2030\/#primaryimage"},"image":{"@id":"https:\/\/www.soltel.es\/soltel-defiende-su-estrategia-2026-2030\/#primaryimage"},"thumbnailUrl":"https:\/\/www.soltel.es\/wp-content\/uploads\/2026\/04\/post1705-01.png","datePublished":"2026-04-17T07:00:46+00:00","dateModified":"2026-04-20T07:36:27+00:00","description":"Soltel re\u00fane a su equipo directivo para definir la estrategia 2026-2030, reforzando su posicionamiento, capacidades y visi\u00f3n de futuro.","breadcrumb":{"@id":"https:\/\/www.soltel.es\/soltel-defiende-su-estrategia-2026-2030\/#breadcrumb"},"inLanguage":"en-GB","potentialAction":[{"@type":"ReadAction","target":["https:\/\/www.soltel.es\/soltel-defiende-su-estrategia-2026-2030\/"]}]},{"@type":"ImageObject","inLanguage":"en-GB","@id":"https:\/\/www.soltel.es\/soltel-defiende-su-estrategia-2026-2030\/#primaryimage","url":"https:\/\/www.soltel.es\/wp-content\/uploads\/2026\/04\/post1705-01.png","contentUrl":"https:\/\/www.soltel.es\/wp-content\/uploads\/2026\/04\/post1705-01.png","width":1333,"height":888},{"@type":"BreadcrumbList","@id":"https:\/\/www.soltel.es\/soltel-defiende-su-estrategia-2026-2030\/#breadcrumb","itemListElement":[{"@type":"ListItem","position":1,"name":"Portada","item":"https:\/\/www.soltel.es\/"},{"@type":"ListItem","position":2,"name":"Soltel define su estrategia 2026\u20132030 en una reuni\u00f3n de gesti\u00f3n"}]},{"@type":"WebSite","@id":"https:\/\/www.soltel.es\/#website","url":"https:\/\/www.soltel.es\/","name":"Soltel Group","description":"Soltel IT Solutions, a company specializing in IT services","publisher":{"@id":"https:\/\/www.soltel.es\/#organization"},"potentialAction":[{"@type":"SearchAction","target":{"@type":"EntryPoint","urlTemplate":"https:\/\/www.soltel.es\/?s={search_term_string}"},"query-input":{"@type":"PropertyValueSpecification","valueRequired":true,"valueName":"search_term_string"}}],"inLanguage":"en-GB"},{"@type":"Organization","@id":"https:\/\/www.soltel.es\/#organization","name":"Soltel Group","url":"https:\/\/www.soltel.es\/","logo":{"@type":"ImageObject","inLanguage":"en-GB","@id":"https:\/\/www.soltel.es\/#\/schema\/logo\/image\/","url":"https:\/\/www.soltel.es\/wp-content\/uploads\/2023\/03\/logotipo-soltel.png","contentUrl":"https:\/\/www.soltel.es\/wp-content\/uploads\/2023\/03\/logotipo-soltel.png","width":276,"height":212,"caption":"Soltel Group"},"image":{"@id":"https:\/\/www.soltel.es\/#\/schema\/logo\/image\/"},"sameAs":["https:\/\/www.facebook.com\/pages\/Soltel-IT-Solutions\/158795267511286","https:\/\/x.com\/soltel_it","https:\/\/www.youtube.com\/@soltel","https:\/\/www.linkedin.com\/company\/soltel","https:\/\/www.instagram.com\/soltelgroup\/"]},{"@type":"Person","@id":"https:\/\/www.soltel.es\/#\/schema\/person\/a6df11d747a5dce2038b30c009842d0e","name":"Communication","image":{"@type":"ImageObject","inLanguage":"en-GB","@id":"https:\/\/www.soltel.es\/wp-content\/litespeed\/avatar\/4029b201ab01022c2dc3fd1cbffb41b9.jpg?ver=1776775927","url":"https:\/\/www.soltel.es\/wp-content\/litespeed\/avatar\/4029b201ab01022c2dc3fd1cbffb41b9.jpg?ver=1776775927","contentUrl":"https:\/\/www.soltel.es\/wp-content\/litespeed\/avatar\/4029b201ab01022c2dc3fd1cbffb41b9.jpg?ver=1776775927","caption":"Comunicaci\u00f3n"},"url":"https:\/\/www.soltel.es\/en\/author\/comunicacion\/"}]}},"_links":{"self":[{"href":"https:\/\/www.soltel.es\/en\/wp-json\/wp\/v2\/posts\/10856","targetHints":{"allow":["GET"]}}],"collection":[{"href":"https:\/\/www.soltel.es\/en\/wp-json\/wp\/v2\/posts"}],"about":[{"href":"https:\/\/www.soltel.es\/en\/wp-json\/wp\/v2\/types\/post"}],"author":[{"embeddable":true,"href":"https:\/\/www.soltel.es\/en\/wp-json\/wp\/v2\/users\/6"}],"replies":[{"embeddable":true,"href":"https:\/\/www.soltel.es\/en\/wp-json\/wp\/v2\/comments?post=10856"}],"version-history":[{"count":7,"href":"https:\/\/www.soltel.es\/en\/wp-json\/wp\/v2\/posts\/10856\/revisions"}],"predecessor-version":[{"id":10867,"href":"https:\/\/www.soltel.es\/en\/wp-json\/wp\/v2\/posts\/10856\/revisions\/10867"}],"wp:featuredmedia":[{"embeddable":true,"href":"https:\/\/www.soltel.es\/en\/wp-json\/wp\/v2\/media\/10862"}],"wp:attachment":[{"href":"https:\/\/www.soltel.es\/en\/wp-json\/wp\/v2\/media?parent=10856"}],"wp:term":[{"taxonomy":"category","embeddable":true,"href":"https:\/\/www.soltel.es\/en\/wp-json\/wp\/v2\/categories?post=10856"},{"taxonomy":"post_tag","embeddable":true,"href":"https:\/\/www.soltel.es\/en\/wp-json\/wp\/v2\/tags?post=10856"}],"curies":[{"name":"wp","href":"https:\/\/api.w.org\/{rel}","templated":true}]}}