{"id":10755,"date":"2026-04-09T07:00:46","date_gmt":"2026-04-09T07:00:46","guid":{"rendered":"https:\/\/www.soltel.es\/?p=10755"},"modified":"2026-04-09T11:55:46","modified_gmt":"2026-04-09T11:55:46","slug":"soltel-alianza-junta-andalucia-congreso-ciberseguridad","status":"publish","type":"post","link":"https:\/\/www.soltel.es\/en\/soltel-alianza-junta-andalucia-congreso-ciberseguridad\/","title":{"rendered":"Soltel strengthens its strategic alliance with the Andalusian Regional Government at the 5th Cybersecurity Congress"},"content":{"rendered":"<section class=\"l-section wpb_row height_auto\"><div class=\"l-section-h i-cf\"><div class=\"g-cols vc_row via_grid cols_1 laptops-cols_inherit tablets-cols_inherit mobiles-cols_1 valign_top type_default stacking_default\"><div class=\"wpb_column vc_column_container\"><div class=\"vc_column-inner\"><div class=\"wpb_text_column\"><div class=\"wpb_wrapper\"><p><strong>Soltel<\/strong> was present on March 24th and 25th at the <strong>5th Cybersecurity Congress of Andalusia<\/strong>, held at the Trade Fair and Congress Center of Malaga (FYCMA), this event, organized by the Digital Agency of Andalusia through the Cybersecurity Center of Andalusia (CIAN), brought together more than 3,000 professionals under the theme <em>\u00abSecure Territories, Connected Future\u201d.<\/em><\/p>\n<p>During the two days, Soltel took advantage of the exhibition area of \u200b\u200bmore than 4,000 m\u00b2 to <strong>strengthen ties with strategic partners in the sector<\/strong> and hold working meetings with <strong>institutional clients of the Andalusian Regional Government<\/strong>. The congress consolidated Malaga as the epicenter of national digital trust, becoming the ideal setting to strengthen key commercial relationships in the Andalusian public sector.<\/p>\n<p>The edition was notable for the inclusion of <strong>Hub CyberHealth<\/strong>, dedicated to healthcare cybersecurity, was attended by representatives from institutions such as the National Cryptologic Center, Europol, and the European Commission. For Soltel, this environment facilitated the exchange of knowledge regarding the transposition of the NIS2 directive and the new regulatory requirements affecting public administrations.<\/p>\n<p><em>\"Our presence at this congress has allowed us to reinforce our commitment to the secure digitization of the Andalusian Administration and explore synergies with key technology partners to continue offering robust solutions to our public clients.\"<\/em>, company sources indicate.<\/p>\n<p>With more than 70 exhibiting entities and an intense networking agenda, the event represented a unique opportunity for Soltel to position itself as a technological benchmark in the cybersecurity ecosystem of Andalusia, consolidating agreements that will translate into concrete projects during the next year.<\/p>\n<p data-start=\"208\" data-end=\"458\"><a href=\"https:\/\/sistemaelex.com\/\" target=\"_blank\" rel=\"noopener\"><strong>Event link:<\/strong> <\/a><a href=\"https:\/\/www.juntadeandalucia.es\/congresociberseguridadandalucia\/\">5th Cybersecurity Congress of Andalusia | March 24th and 25th<\/a><\/p>\n<\/div><\/div><div class=\"w-hwrapper valign_top align_none\"><\/div><div class=\"w-slider style_none fit_scaledown nav_none count_3\"><div class=\"w-slider-h\"><div class=\"royalSlider\"><div class=\"rsContent\"><a class=\"rsImg\" data-rsw=\"600\" data-rsh=\"400\" href=\"https:\/\/www.soltel.es\/wp-content\/uploads\/2026\/03\/Imagen3-600x400.jpg\"><span data-alt=\"\"><\/span><\/a><\/div><div class=\"rsContent\"><a class=\"rsImg\" data-rsw=\"600\" data-rsh=\"400\" href=\"https:\/\/www.soltel.es\/wp-content\/uploads\/2026\/03\/Imagen1-600x400.jpg\"><span data-alt=\"\"><\/span><\/a><\/div><div class=\"rsContent\"><a class=\"rsImg\" data-rsw=\"600\" data-rsh=\"400\" href=\"https:\/\/www.soltel.es\/wp-content\/uploads\/2026\/03\/Imagen2-600x400.jpg\"><span data-alt=\"\"><\/span><\/a><\/div><\/div><img decoding=\"async\" src=\"https:\/\/www.soltel.es\/wp-content\/uploads\/2026\/03\/Imagen3-600x400.jpg\" width=\"600\" height=\"400\" alt loading=\"lazy\"><\/div><div class=\"w-slider-json\" onclick='return {&quot;autoScaleSlider&quot;:true,&quot;addActiveClass&quot;:true,&quot;loop&quot;:true,&quot;fadeInLoadedSlide&quot;:false,&quot;slidesSpacing&quot;:0,&quot;imageScalePadding&quot;:0,&quot;numImagesToPreload&quot;:2,&quot;arrowsNav&quot;:true,&quot;arrowsNavAutoHide&quot;:false,&quot;transitionType&quot;:&quot;move&quot;,&quot;transitionSpeed&quot;:250,&quot;block&quot;:{&quot;moveEffect&quot;:&quot;none&quot;,&quot;speed&quot;:300},&quot;thumbs&quot;:{&quot;fitInViewport&quot;:false,&quot;firstMargin&quot;:false,&quot;spacing&quot;:4},&quot;controlNavigation&quot;:&quot;none&quot;,&quot;autoplay&quot;:{&quot;enabled&quot;:true,&quot;pauseOnHover&quot;:true,&quot;delay&quot;:5000},&quot;autoScaleSliderWidth&quot;:600,&quot;autoScaleSliderHeight&quot;:400}'><\/div><\/div><\/div><\/div><\/div><\/div><\/section>","protected":false},"excerpt":{"rendered":"<p>Soltel participates in the 5th Cybersecurity Congress of Andalusia, reinforcing its collaboration with the Regional Government and consolidating its role in the secure digitization of the public sector.<\/p>","protected":false},"author":6,"featured_media":10761,"comment_status":"closed","ping_status":"open","sticky":false,"template":"","format":"standard","meta":{"_acf_changed":false,"footnotes":""},"categories":[132,147],"tags":[655,672,193,674,220,266,673,609,323,298],"class_list":["post-10755","post","type-post","status-publish","format-standard","has-post-thumbnail","hentry","category-noticia","category-transformacion-digital","tag-administracion-publica","tag-cian","tag-ciberseguridad","tag-eventos-tecnologicos","tag-junta-de-andalucia","tag-malaga","tag-nis2","tag-sector-publico","tag-soltel","tag-transformacion-digital"],"acf":[],"yoast_head":"<!-- This site is optimized with the Yoast SEO plugin v27.4 - https:\/\/yoast.com\/product\/yoast-seo-wordpress\/ -->\n<title>Soltel refuerza su alianza con la Junta en ciberseguridad - Soltel Group<\/title>\n<meta name=\"description\" content=\"Soltel refuerza su colaboraci\u00f3n con la Junta de Andaluc\u00eda en el Congreso de Ciberseguridad, impulsando la digitalizaci\u00f3n segura del sector p\u00fablico.\" \/>\n<meta name=\"robots\" content=\"index, follow, max-snippet:-1, max-image-preview:large, max-video-preview:-1\" \/>\n<link rel=\"canonical\" href=\"https:\/\/www.soltel.es\/en\/soltel-alianza-junta-andalucia-congreso-ciberseguridad\/\" \/>\n<meta property=\"og:locale\" content=\"en_GB\" \/>\n<meta property=\"og:type\" content=\"article\" \/>\n<meta property=\"og:title\" content=\"Soltel refuerza su alianza con la Junta en ciberseguridad - Soltel Group\" \/>\n<meta property=\"og:description\" content=\"Soltel refuerza su colaboraci\u00f3n con la Junta de Andaluc\u00eda en el Congreso de Ciberseguridad, impulsando la digitalizaci\u00f3n segura del sector p\u00fablico.\" \/>\n<meta property=\"og:url\" content=\"https:\/\/www.soltel.es\/en\/soltel-alianza-junta-andalucia-congreso-ciberseguridad\/\" \/>\n<meta property=\"og:site_name\" content=\"Soltel Group\" \/>\n<meta property=\"article:publisher\" content=\"https:\/\/www.facebook.com\/pages\/Soltel-IT-Solutions\/158795267511286\" \/>\n<meta property=\"article:published_time\" content=\"2026-04-09T07:00:46+00:00\" \/>\n<meta property=\"article:modified_time\" content=\"2026-04-09T11:55:46+00:00\" \/>\n<meta property=\"og:image\" content=\"https:\/\/www.soltel.es\/wp-content\/uploads\/2026\/03\/Congreso-Ciberseguridad.png\" \/>\n\t<meta property=\"og:image:width\" content=\"1333\" \/>\n\t<meta property=\"og:image:height\" content=\"888\" \/>\n\t<meta property=\"og:image:type\" content=\"image\/png\" \/>\n<meta name=\"author\" content=\"Comunicaci\u00f3n\" \/>\n<meta name=\"twitter:card\" content=\"summary_large_image\" \/>\n<meta name=\"twitter:creator\" content=\"@soltel_it\" \/>\n<meta name=\"twitter:site\" content=\"@soltel_it\" \/>\n<meta name=\"twitter:label1\" content=\"Written by\" \/>\n\t<meta name=\"twitter:data1\" content=\"Comunicaci\u00f3n\" \/>\n\t<meta name=\"twitter:label2\" content=\"Estimated reading time\" \/>\n\t<meta name=\"twitter:data2\" content=\"2 minutes\" \/>\n<script type=\"application\/ld+json\" class=\"yoast-schema-graph\">{\"@context\":\"https:\\\/\\\/schema.org\",\"@graph\":[{\"@type\":\"Article\",\"@id\":\"https:\\\/\\\/www.soltel.es\\\/soltel-alianza-junta-andalucia-congreso-ciberseguridad\\\/#article\",\"isPartOf\":{\"@id\":\"https:\\\/\\\/www.soltel.es\\\/soltel-alianza-junta-andalucia-congreso-ciberseguridad\\\/\"},\"author\":{\"name\":\"Comunicaci\u00f3n\",\"@id\":\"https:\\\/\\\/www.soltel.es\\\/#\\\/schema\\\/person\\\/a6df11d747a5dce2038b30c009842d0e\"},\"headline\":\"Soltel refuerza su alianza estrat\u00e9gica con la Junta de Andaluc\u00eda en el V Congreso de Ciberseguridad\",\"datePublished\":\"2026-04-09T07:00:46+00:00\",\"dateModified\":\"2026-04-09T11:55:46+00:00\",\"mainEntityOfPage\":{\"@id\":\"https:\\\/\\\/www.soltel.es\\\/soltel-alianza-junta-andalucia-congreso-ciberseguridad\\\/\"},\"wordCount\":350,\"publisher\":{\"@id\":\"https:\\\/\\\/www.soltel.es\\\/#organization\"},\"image\":{\"@id\":\"https:\\\/\\\/www.soltel.es\\\/soltel-alianza-junta-andalucia-congreso-ciberseguridad\\\/#primaryimage\"},\"thumbnailUrl\":\"https:\\\/\\\/www.soltel.es\\\/wp-content\\\/uploads\\\/2026\\\/03\\\/Congreso-Ciberseguridad.png\",\"keywords\":[\"Administraci\u00f3n P\u00fablica\",\"CIAN\",\"ciberseguridad\",\"eventos tecnol\u00f3gicos\",\"Junta de Andaluc\u00eda\",\"m\u00e1laga\",\"NIS2\",\"Sector p\u00fablico\",\"Soltel\",\"Transformaci\u00f3n Digital\"],\"articleSection\":[\"Noticia\",\"Transformaci\u00f3n digital\"],\"inLanguage\":\"en-GB\"},{\"@type\":\"WebPage\",\"@id\":\"https:\\\/\\\/www.soltel.es\\\/soltel-alianza-junta-andalucia-congreso-ciberseguridad\\\/\",\"url\":\"https:\\\/\\\/www.soltel.es\\\/soltel-alianza-junta-andalucia-congreso-ciberseguridad\\\/\",\"name\":\"Soltel refuerza su alianza con la Junta en ciberseguridad - Soltel Group\",\"isPartOf\":{\"@id\":\"https:\\\/\\\/www.soltel.es\\\/#website\"},\"primaryImageOfPage\":{\"@id\":\"https:\\\/\\\/www.soltel.es\\\/soltel-alianza-junta-andalucia-congreso-ciberseguridad\\\/#primaryimage\"},\"image\":{\"@id\":\"https:\\\/\\\/www.soltel.es\\\/soltel-alianza-junta-andalucia-congreso-ciberseguridad\\\/#primaryimage\"},\"thumbnailUrl\":\"https:\\\/\\\/www.soltel.es\\\/wp-content\\\/uploads\\\/2026\\\/03\\\/Congreso-Ciberseguridad.png\",\"datePublished\":\"2026-04-09T07:00:46+00:00\",\"dateModified\":\"2026-04-09T11:55:46+00:00\",\"description\":\"Soltel refuerza su colaboraci\u00f3n con la Junta de Andaluc\u00eda en el Congreso de Ciberseguridad, impulsando la digitalizaci\u00f3n segura del sector p\u00fablico.\",\"breadcrumb\":{\"@id\":\"https:\\\/\\\/www.soltel.es\\\/soltel-alianza-junta-andalucia-congreso-ciberseguridad\\\/#breadcrumb\"},\"inLanguage\":\"en-GB\",\"potentialAction\":[{\"@type\":\"ReadAction\",\"target\":[\"https:\\\/\\\/www.soltel.es\\\/soltel-alianza-junta-andalucia-congreso-ciberseguridad\\\/\"]}]},{\"@type\":\"ImageObject\",\"inLanguage\":\"en-GB\",\"@id\":\"https:\\\/\\\/www.soltel.es\\\/soltel-alianza-junta-andalucia-congreso-ciberseguridad\\\/#primaryimage\",\"url\":\"https:\\\/\\\/www.soltel.es\\\/wp-content\\\/uploads\\\/2026\\\/03\\\/Congreso-Ciberseguridad.png\",\"contentUrl\":\"https:\\\/\\\/www.soltel.es\\\/wp-content\\\/uploads\\\/2026\\\/03\\\/Congreso-Ciberseguridad.png\",\"width\":1333,\"height\":888},{\"@type\":\"BreadcrumbList\",\"@id\":\"https:\\\/\\\/www.soltel.es\\\/soltel-alianza-junta-andalucia-congreso-ciberseguridad\\\/#breadcrumb\",\"itemListElement\":[{\"@type\":\"ListItem\",\"position\":1,\"name\":\"Portada\",\"item\":\"https:\\\/\\\/www.soltel.es\\\/\"},{\"@type\":\"ListItem\",\"position\":2,\"name\":\"Soltel refuerza su alianza estrat\u00e9gica con la Junta de Andaluc\u00eda en el V Congreso de Ciberseguridad\"}]},{\"@type\":\"WebSite\",\"@id\":\"https:\\\/\\\/www.soltel.es\\\/#website\",\"url\":\"https:\\\/\\\/www.soltel.es\\\/\",\"name\":\"Soltel Group\",\"description\":\"Soltel IT Solutions, empresa especializada en servicios IT\",\"publisher\":{\"@id\":\"https:\\\/\\\/www.soltel.es\\\/#organization\"},\"potentialAction\":[{\"@type\":\"SearchAction\",\"target\":{\"@type\":\"EntryPoint\",\"urlTemplate\":\"https:\\\/\\\/www.soltel.es\\\/?s={search_term_string}\"},\"query-input\":{\"@type\":\"PropertyValueSpecification\",\"valueRequired\":true,\"valueName\":\"search_term_string\"}}],\"inLanguage\":\"en-GB\"},{\"@type\":\"Organization\",\"@id\":\"https:\\\/\\\/www.soltel.es\\\/#organization\",\"name\":\"Soltel Group\",\"url\":\"https:\\\/\\\/www.soltel.es\\\/\",\"logo\":{\"@type\":\"ImageObject\",\"inLanguage\":\"en-GB\",\"@id\":\"https:\\\/\\\/www.soltel.es\\\/#\\\/schema\\\/logo\\\/image\\\/\",\"url\":\"https:\\\/\\\/www.soltel.es\\\/wp-content\\\/uploads\\\/2023\\\/03\\\/logotipo-soltel.png\",\"contentUrl\":\"https:\\\/\\\/www.soltel.es\\\/wp-content\\\/uploads\\\/2023\\\/03\\\/logotipo-soltel.png\",\"width\":276,\"height\":212,\"caption\":\"Soltel Group\"},\"image\":{\"@id\":\"https:\\\/\\\/www.soltel.es\\\/#\\\/schema\\\/logo\\\/image\\\/\"},\"sameAs\":[\"https:\\\/\\\/www.facebook.com\\\/pages\\\/Soltel-IT-Solutions\\\/158795267511286\",\"https:\\\/\\\/x.com\\\/soltel_it\",\"https:\\\/\\\/www.youtube.com\\\/@soltel\",\"https:\\\/\\\/www.linkedin.com\\\/company\\\/soltel\",\"https:\\\/\\\/www.instagram.com\\\/soltelgroup\\\/\"]},{\"@type\":\"Person\",\"@id\":\"https:\\\/\\\/www.soltel.es\\\/#\\\/schema\\\/person\\\/a6df11d747a5dce2038b30c009842d0e\",\"name\":\"Comunicaci\u00f3n\",\"image\":{\"@type\":\"ImageObject\",\"inLanguage\":\"en-GB\",\"@id\":\"https:\\\/\\\/www.soltel.es\\\/wp-content\\\/litespeed\\\/avatar\\\/4029b201ab01022c2dc3fd1cbffb41b9.jpg?ver=1776775927\",\"url\":\"https:\\\/\\\/www.soltel.es\\\/wp-content\\\/litespeed\\\/avatar\\\/4029b201ab01022c2dc3fd1cbffb41b9.jpg?ver=1776775927\",\"contentUrl\":\"https:\\\/\\\/www.soltel.es\\\/wp-content\\\/litespeed\\\/avatar\\\/4029b201ab01022c2dc3fd1cbffb41b9.jpg?ver=1776775927\",\"caption\":\"Comunicaci\u00f3n\"},\"url\":\"https:\\\/\\\/www.soltel.es\\\/en\\\/author\\\/comunicacion\\\/\"}]}<\/script>\n<!-- \/ Yoast SEO plugin. -->","yoast_head_json":{"title":"Soltel refuerza su alianza con la Junta en ciberseguridad - Soltel Group","description":"Soltel refuerza su colaboraci\u00f3n con la Junta de Andaluc\u00eda en el Congreso de Ciberseguridad, impulsando la digitalizaci\u00f3n segura del sector p\u00fablico.","robots":{"index":"index","follow":"follow","max-snippet":"max-snippet:-1","max-image-preview":"max-image-preview:large","max-video-preview":"max-video-preview:-1"},"canonical":"https:\/\/www.soltel.es\/en\/soltel-alianza-junta-andalucia-congreso-ciberseguridad\/","og_locale":"en_GB","og_type":"article","og_title":"Soltel refuerza su alianza con la Junta en ciberseguridad - Soltel Group","og_description":"Soltel refuerza su colaboraci\u00f3n con la Junta de Andaluc\u00eda en el Congreso de Ciberseguridad, impulsando la digitalizaci\u00f3n segura del sector p\u00fablico.","og_url":"https:\/\/www.soltel.es\/en\/soltel-alianza-junta-andalucia-congreso-ciberseguridad\/","og_site_name":"Soltel Group","article_publisher":"https:\/\/www.facebook.com\/pages\/Soltel-IT-Solutions\/158795267511286","article_published_time":"2026-04-09T07:00:46+00:00","article_modified_time":"2026-04-09T11:55:46+00:00","og_image":[{"width":1333,"height":888,"url":"https:\/\/www.soltel.es\/wp-content\/uploads\/2026\/03\/Congreso-Ciberseguridad.png","type":"image\/png"}],"author":"Comunicaci\u00f3n","twitter_card":"summary_large_image","twitter_creator":"@soltel_it","twitter_site":"@soltel_it","twitter_misc":{"Written by":"Comunicaci\u00f3n","Estimated reading time":"2 minutes"},"schema":{"@context":"https:\/\/schema.org","@graph":[{"@type":"Article","@id":"https:\/\/www.soltel.es\/soltel-alianza-junta-andalucia-congreso-ciberseguridad\/#article","isPartOf":{"@id":"https:\/\/www.soltel.es\/soltel-alianza-junta-andalucia-congreso-ciberseguridad\/"},"author":{"name":"Comunicaci\u00f3n","@id":"https:\/\/www.soltel.es\/#\/schema\/person\/a6df11d747a5dce2038b30c009842d0e"},"headline":"Soltel refuerza su alianza estrat\u00e9gica con la Junta de Andaluc\u00eda en el V Congreso de Ciberseguridad","datePublished":"2026-04-09T07:00:46+00:00","dateModified":"2026-04-09T11:55:46+00:00","mainEntityOfPage":{"@id":"https:\/\/www.soltel.es\/soltel-alianza-junta-andalucia-congreso-ciberseguridad\/"},"wordCount":350,"publisher":{"@id":"https:\/\/www.soltel.es\/#organization"},"image":{"@id":"https:\/\/www.soltel.es\/soltel-alianza-junta-andalucia-congreso-ciberseguridad\/#primaryimage"},"thumbnailUrl":"https:\/\/www.soltel.es\/wp-content\/uploads\/2026\/03\/Congreso-Ciberseguridad.png","keywords":["Administraci\u00f3n P\u00fablica","CIAN","ciberseguridad","eventos tecnol\u00f3gicos","Junta de Andaluc\u00eda","m\u00e1laga","NIS2","Sector p\u00fablico","Soltel","Transformaci\u00f3n Digital"],"articleSection":["Noticia","Transformaci\u00f3n digital"],"inLanguage":"en-GB"},{"@type":"WebPage","@id":"https:\/\/www.soltel.es\/soltel-alianza-junta-andalucia-congreso-ciberseguridad\/","url":"https:\/\/www.soltel.es\/soltel-alianza-junta-andalucia-congreso-ciberseguridad\/","name":"Soltel refuerza su alianza con la Junta en ciberseguridad - Soltel Group","isPartOf":{"@id":"https:\/\/www.soltel.es\/#website"},"primaryImageOfPage":{"@id":"https:\/\/www.soltel.es\/soltel-alianza-junta-andalucia-congreso-ciberseguridad\/#primaryimage"},"image":{"@id":"https:\/\/www.soltel.es\/soltel-alianza-junta-andalucia-congreso-ciberseguridad\/#primaryimage"},"thumbnailUrl":"https:\/\/www.soltel.es\/wp-content\/uploads\/2026\/03\/Congreso-Ciberseguridad.png","datePublished":"2026-04-09T07:00:46+00:00","dateModified":"2026-04-09T11:55:46+00:00","description":"Soltel refuerza su colaboraci\u00f3n con la Junta de Andaluc\u00eda en el Congreso de Ciberseguridad, impulsando la digitalizaci\u00f3n segura del sector p\u00fablico.","breadcrumb":{"@id":"https:\/\/www.soltel.es\/soltel-alianza-junta-andalucia-congreso-ciberseguridad\/#breadcrumb"},"inLanguage":"en-GB","potentialAction":[{"@type":"ReadAction","target":["https:\/\/www.soltel.es\/soltel-alianza-junta-andalucia-congreso-ciberseguridad\/"]}]},{"@type":"ImageObject","inLanguage":"en-GB","@id":"https:\/\/www.soltel.es\/soltel-alianza-junta-andalucia-congreso-ciberseguridad\/#primaryimage","url":"https:\/\/www.soltel.es\/wp-content\/uploads\/2026\/03\/Congreso-Ciberseguridad.png","contentUrl":"https:\/\/www.soltel.es\/wp-content\/uploads\/2026\/03\/Congreso-Ciberseguridad.png","width":1333,"height":888},{"@type":"BreadcrumbList","@id":"https:\/\/www.soltel.es\/soltel-alianza-junta-andalucia-congreso-ciberseguridad\/#breadcrumb","itemListElement":[{"@type":"ListItem","position":1,"name":"Portada","item":"https:\/\/www.soltel.es\/"},{"@type":"ListItem","position":2,"name":"Soltel refuerza su alianza estrat\u00e9gica con la Junta de Andaluc\u00eda en el V Congreso de Ciberseguridad"}]},{"@type":"WebSite","@id":"https:\/\/www.soltel.es\/#website","url":"https:\/\/www.soltel.es\/","name":"Soltel Group","description":"Soltel IT Solutions, a company specializing in IT services","publisher":{"@id":"https:\/\/www.soltel.es\/#organization"},"potentialAction":[{"@type":"SearchAction","target":{"@type":"EntryPoint","urlTemplate":"https:\/\/www.soltel.es\/?s={search_term_string}"},"query-input":{"@type":"PropertyValueSpecification","valueRequired":true,"valueName":"search_term_string"}}],"inLanguage":"en-GB"},{"@type":"Organization","@id":"https:\/\/www.soltel.es\/#organization","name":"Soltel Group","url":"https:\/\/www.soltel.es\/","logo":{"@type":"ImageObject","inLanguage":"en-GB","@id":"https:\/\/www.soltel.es\/#\/schema\/logo\/image\/","url":"https:\/\/www.soltel.es\/wp-content\/uploads\/2023\/03\/logotipo-soltel.png","contentUrl":"https:\/\/www.soltel.es\/wp-content\/uploads\/2023\/03\/logotipo-soltel.png","width":276,"height":212,"caption":"Soltel Group"},"image":{"@id":"https:\/\/www.soltel.es\/#\/schema\/logo\/image\/"},"sameAs":["https:\/\/www.facebook.com\/pages\/Soltel-IT-Solutions\/158795267511286","https:\/\/x.com\/soltel_it","https:\/\/www.youtube.com\/@soltel","https:\/\/www.linkedin.com\/company\/soltel","https:\/\/www.instagram.com\/soltelgroup\/"]},{"@type":"Person","@id":"https:\/\/www.soltel.es\/#\/schema\/person\/a6df11d747a5dce2038b30c009842d0e","name":"Communication","image":{"@type":"ImageObject","inLanguage":"en-GB","@id":"https:\/\/www.soltel.es\/wp-content\/litespeed\/avatar\/4029b201ab01022c2dc3fd1cbffb41b9.jpg?ver=1776775927","url":"https:\/\/www.soltel.es\/wp-content\/litespeed\/avatar\/4029b201ab01022c2dc3fd1cbffb41b9.jpg?ver=1776775927","contentUrl":"https:\/\/www.soltel.es\/wp-content\/litespeed\/avatar\/4029b201ab01022c2dc3fd1cbffb41b9.jpg?ver=1776775927","caption":"Comunicaci\u00f3n"},"url":"https:\/\/www.soltel.es\/en\/author\/comunicacion\/"}]}},"_links":{"self":[{"href":"https:\/\/www.soltel.es\/en\/wp-json\/wp\/v2\/posts\/10755","targetHints":{"allow":["GET"]}}],"collection":[{"href":"https:\/\/www.soltel.es\/en\/wp-json\/wp\/v2\/posts"}],"about":[{"href":"https:\/\/www.soltel.es\/en\/wp-json\/wp\/v2\/types\/post"}],"author":[{"embeddable":true,"href":"https:\/\/www.soltel.es\/en\/wp-json\/wp\/v2\/users\/6"}],"replies":[{"embeddable":true,"href":"https:\/\/www.soltel.es\/en\/wp-json\/wp\/v2\/comments?post=10755"}],"version-history":[{"count":4,"href":"https:\/\/www.soltel.es\/en\/wp-json\/wp\/v2\/posts\/10755\/revisions"}],"predecessor-version":[{"id":10763,"href":"https:\/\/www.soltel.es\/en\/wp-json\/wp\/v2\/posts\/10755\/revisions\/10763"}],"wp:featuredmedia":[{"embeddable":true,"href":"https:\/\/www.soltel.es\/en\/wp-json\/wp\/v2\/media\/10761"}],"wp:attachment":[{"href":"https:\/\/www.soltel.es\/en\/wp-json\/wp\/v2\/media?parent=10755"}],"wp:term":[{"taxonomy":"category","embeddable":true,"href":"https:\/\/www.soltel.es\/en\/wp-json\/wp\/v2\/categories?post=10755"},{"taxonomy":"post_tag","embeddable":true,"href":"https:\/\/www.soltel.es\/en\/wp-json\/wp\/v2\/tags?post=10755"}],"curies":[{"name":"wp","href":"https:\/\/api.w.org\/{rel}","templated":true}]}}